{"id":10537,"date":"2023-07-31T10:51:00","date_gmt":"2023-07-31T13:51:00","guid":{"rendered":"https:\/\/compareplanodesaude.com.br\/empresarial\/?p=10537"},"modified":"2023-07-31T10:51:56","modified_gmt":"2023-07-31T13:51:56","slug":"regulacao-trabalho-tempo-integral-clt","status":"publish","type":"post","link":"https:\/\/compareplanodesaude.com.br\/empresarial\/clt-beneficios\/regulacao-trabalho-tempo-integral-clt\/","title":{"rendered":"CLT: Regula\u00e7\u00e3o do Trabalho em Tempo Integral"},"content":{"rendered":"\t\t<div data-elementor-type=\"wp-post\" data-elementor-id=\"10537\" class=\"elementor elementor-10537\" data-elementor-post-type=\"post\">\n\t\t\t\t<div class=\"elementor-element elementor-element-00064fa e-flex e-con-boxed e-con e-parent\" data-id=\"00064fa\" data-element_type=\"container\">\n\t\t\t\t\t<div class=\"e-con-inner\">\n\t\t\t\t<div class=\"elementor-element elementor-element-56f2a34 elementor-widget elementor-widget-html\" data-id=\"56f2a34\" data-element_type=\"widget\" data-widget_type=\"html.default\">\n\t\t\t\t<div class=\"elementor-widget-container\">\n\t\t\t\t\t<h1>A import\u00e2ncia da CLT na regula\u00e7\u00e3o do trabalho em tempo integral<\/h1><p>A Consolida\u00e7\u00e3o das Leis Trabalhistas (<b>CLT<\/b>) \u00e9 uma importante legisla\u00e7\u00e3o que regula e protege os trabalhadores no Brasil. Um dos pontos fundamentais da CLT \u00e9 sua atua\u00e7\u00e3o na <b>regula\u00e7\u00e3o do trabalho em tempo integral<\/b>, garantindo direitos e estabelecendo limites para essa modalidade de emprego.<\/p><p>O trabalho em tempo integral \u00e9 caracterizado pela <b>jornada de trabalho<\/b> de 40 horas semanais, ou seja, o profissional dedica-se integralmente \u00e0 empresa durante a semana. A CLT estabelece que essa jornada seja cumprida de forma justa e equilibrada, evitando abusos e garantindo a <b>sa\u00fade e bem-estar<\/b> do trabalhador.<\/p><p>Uma das principais garantias da CLT nesse sentido \u00e9 o direito ao <b>descanso semanal remunerado<\/b>. De acordo com a legisla\u00e7\u00e3o, o trabalhador em tempo integral tem direito a pelo menos um dia de folga por semana. Essa medida \u00e9 essencial para a recupera\u00e7\u00e3o e descanso do profissional, evitando o esgotamento e a sobrecarga de trabalho.<\/p><p>Al\u00e9m disso, a CLT tamb\u00e9m estabelece limites para a dura\u00e7\u00e3o da jornada di\u00e1ria de trabalho. Segundo a legisla\u00e7\u00e3o, o trabalhador em tempo integral n\u00e3o deve exceder 8 horas di\u00e1rias de trabalho, com um intervalo de no m\u00ednimo uma hora para descanso e alimenta\u00e7\u00e3o. Essa medida visa preservar a sa\u00fade e a qualidade de vida do trabalhador, evitando o desgaste f\u00edsico e mental causado pela jornada prolongada.<\/p><p>Outro ponto relevante \u00e9 a regulamenta\u00e7\u00e3o das <b>horas extras.<\/b> A CLT estabelece que, caso o trabalhador em tempo integral seja solicitado a trabalhar al\u00e9m de sua jornada regular, ele tem direito a receber um adicional de no m\u00ednimo 50% do valor da hora normal. Essa medida visa valorizar e compensar o esfor\u00e7o adicional do profissional, al\u00e9m de desencorajar a pr\u00e1tica excessiva de horas extras.<\/p><p>Em resumo, a import\u00e2ncia da CLT na regula\u00e7\u00e3o do trabalho em tempo integral est\u00e1 na sua capacidade de proteger os <b>direitos dos trabalhadores<\/b>, estabelecendo limites e garantindo condi\u00e7\u00f5es adequadas de trabalho. Com seus dispositivos, a CLT assegura a justi\u00e7a e a equidade nas rela\u00e7\u00f5es de emprego, contribuindo para o bem-estar e a qualidade de vida dos profissionais.<\/p><h2>A hist\u00f3ria da Consolida\u00e7\u00e3o das Leis do Trabalho (CLT)<\/h2><figure><img fetchpriority=\"high\" decoding=\"async\" alt=\"Hist\u00f3ria da Consolida\u00e7\u00e3o das Leis do Trabalho (CLT)\" src=\"https:\/\/compareplanodesaude.com.br\/wp-content\/uploads\/imagens\/historia-consolidacao-leis-trabalho-clt.jpeg.jpg\" width=\"1600\" height=\"1057\" class=\"img-post historia-consolidacao-leis-trabalho-clt\"\/><figcaption class=\"fig-img\">A hist\u00f3ria da Consolida\u00e7\u00e3o das Leis do Trabalho (CLT)<\/figcaption><\/figure><p>A hist\u00f3ria da <b>Consolida\u00e7\u00e3o das Leis do Trabalho<\/b> (CLT) remonta ao ano de 1943, quando foi promulgada pelo ent\u00e3o presidente Get\u00falio Vargas. A CLT foi criada com o objetivo de <b>regulamentar as rela\u00e7\u00f5es trabalhistas<\/b> no Brasil, estabelecendo <b>direitos e deveres<\/b> tanto para empregados quanto para empregadores.<\/p><p>Antes da cria\u00e7\u00e3o da CLT, n\u00e3o havia uma <b>legisla\u00e7\u00e3o trabalhista<\/b> abrangente no pa\u00eds. Os direitos dos trabalhadores eram garantidos apenas por meio de leis esparsas e decretos. Com a industrializa\u00e7\u00e3o em expans\u00e3o e a necessidade de uma legisla\u00e7\u00e3o mais completa, surgiu a iniciativa de consolidar todas as normas em uma \u00fanica lei.<\/p><p>A CLT reuniu em um \u00fanico texto as principais disposi\u00e7\u00f5es legais referentes ao trabalho, abrangendo temas como <b>jornada de trabalho<\/b>, <b>f\u00e9rias<\/b>, <b>sal\u00e1rio m\u00ednimo<\/b>, <b>seguran\u00e7a e sa\u00fade no trabalho<\/b>, entre outros. Essa consolida\u00e7\u00e3o facilitou o acesso dos trabalhadores e empregadores aos seus direitos e deveres, tornando o sistema mais transparente.<\/p><p>Ao longo dos anos, a CLT passou por diversas <b>altera\u00e7\u00f5es e atualiza\u00e7\u00f5es<\/b>, visando adequar-se \u00e0s mudan\u00e7as sociais e econ\u00f4micas do pa\u00eds. Essas modifica\u00e7\u00f5es buscaram promover a <b>melhoria das condi\u00e7\u00f5es de trabalho<\/b> e a <b>prote\u00e7\u00e3o dos direitos dos trabalhadores<\/b>.<\/p><p>A CLT foi um marco na hist\u00f3ria do trabalho no Brasil, pois estabeleceu direitos fundamentais para os trabalhadores e estabeleceu regras claras para a <b>rela\u00e7\u00e3o entre empregado e empregador<\/b>. Apesar das cr\u00edticas em alguns aspectos, a CLT ainda \u00e9 considerada uma legisla\u00e7\u00e3o importante e essencial para a regula\u00e7\u00e3o do trabalho em tempo integral no pa\u00eds.<\/p><h3>Os direitos assegurados pela CLT aos trabalhadores em tempo integral<\/h3><figure><img decoding=\"async\" alt=\"Direitos assegurados pela CLT aos trabalhadores em tempo integral\" src=\"https:\/\/compareplanodesaude.com.br\/wp-content\/uploads\/imagens\/direitos-assegurados-CLT-trabalhadores-tempo-integral.jpg\" width=\"1247\" height=\"1690\" class=\"img-post direitos-assegurados-CLT-trabalhadores-tempo-integral\"\/><figcaption class=\"fig-img\">Direitos assegurados pela CLT aos trabalhadores em tempo integral<\/figcaption><\/figure><p>A Consolida\u00e7\u00e3o das Leis do Trabalho (CLT) \u00e9 um conjunto de leis que regula as rela\u00e7\u00f5es de trabalho no Brasil. Ela visa garantir direitos e prote\u00e7\u00e3o aos trabalhadores, incluindo aqueles que atuam em tempo integral. Ao trabalhar em tempo integral, os profissionais t\u00eam uma s\u00e9rie de <b>direitos assegurados<\/b> pela CLT para promover a justi\u00e7a e a equidade no ambiente de trabalho.<\/p><p>Um dos principais direitos dos trabalhadores em tempo integral \u00e9 a <b>jornada de trabalho<\/b>. De acordo com a CLT, a jornada padr\u00e3o \u00e9 de 44 horas semanais, distribu\u00eddas em 8 horas di\u00e1rias com 1 hora de intervalo para descanso ou alimenta\u00e7\u00e3o. Essa carga hor\u00e1ria pode ser negociada em conven\u00e7\u00e3o coletiva, desde que n\u00e3o ultrapasse 48 horas semanais, com limite de 2 horas extras por dia.<\/p><p>Al\u00e9m disso, a CLT garante o direito ao <b>repouso semanal remunerado<\/b> (RSR) aos trabalhadores em tempo integral. Esse descanso deve ser de no m\u00ednimo 24 horas consecutivas, preferencialmente aos domingos. Caso o profissional trabalhe nesse dia, ele deve receber <b>remunera\u00e7\u00e3o<\/b> em dobro ou ter direito a uma folga compensat\u00f3ria.<\/p><p>A remunera\u00e7\u00e3o tamb\u00e9m \u00e9 um direito assegurado pela CLT aos trabalhadores em tempo integral. O sal\u00e1rio deve ser compat\u00edvel com a fun\u00e7\u00e3o exercida e o piso salarial estipulado para a categoria. Al\u00e9m do sal\u00e1rio-base, a CLT prev\u00ea o pagamento de adicionais, como o adicional noturno para quem trabalha no per\u00edodo noturno, e o adicional de periculosidade ou insalubridade quando expostos a condi\u00e7\u00f5es de risco.<\/p><p>Outro direito importante \u00e9 o das <b>f\u00e9rias anuais remuneradas.<\/b> A CLT estabelece que os trabalhadores em tempo integral t\u00eam direito a um per\u00edodo de f\u00e9rias de 30 dias corridos, com acr\u00e9scimo de 1\/3 do sal\u00e1rio. Essas f\u00e9rias devem ser concedidas ap\u00f3s um ano completo de trabalho e podem ser fracionadas em at\u00e9 tr\u00eas per\u00edodos, desde que um deles seja de pelo menos 14 dias.<\/p><h4>Jornada de trabalho: limites e horas extras na CLT<\/h4><p>A Consolida\u00e7\u00e3o das Leis do Trabalho (<b>CLT<\/b>) \u00e9 a principal lei que regula as rela\u00e7\u00f5es trabalhistas no Brasil. Dentro da CLT, a jornada de trabalho \u00e9 um tema de extrema import\u00e2ncia. A legisla\u00e7\u00e3o estabelece <b>limites<\/b> para a <b>carga hor\u00e1ria<\/b> di\u00e1ria e semanal, bem como <b>regras<\/b> para o <b>pagamento<\/b> de <b>horas extras<\/b>.<\/p><p>De acordo com a CLT, a jornada de trabalho normal \u00e9 de 8 horas di\u00e1rias e 44 horas semanais. No entanto, existem algumas exce\u00e7\u00f5es. Por exemplo, em casos espec\u00edficos, como em atividades insalubres ou perigosas, a jornada pode ser reduzida.<\/p><p>Al\u00e9m disso, a CLT tamb\u00e9m prev\u00ea a possibilidade de realiza\u00e7\u00e3o de horas extras. As horas extras s\u00e3o aquelas trabalhadas al\u00e9m da jornada normal e devem ser pagas com um acr\u00e9scimo m\u00ednimo de 50% em rela\u00e7\u00e3o ao valor da hora normal. Vale ressaltar que as horas extras s\u00e3o limitadas a 2 horas por dia, totalizando no m\u00e1ximo 10 horas extras por semana.<\/p><p>No entanto, \u00e9 importante destacar que a realiza\u00e7\u00e3o de horas extras deve ser feita de forma volunt\u00e1ria e n\u00e3o pode ultrapassar o limite legal. O empregador n\u00e3o pode obrigar o trabalhador a realizar horas extras e, caso isso aconte\u00e7a, o empregado tem direito a receber todas as horas trabalhadas como extras.<\/p><p>\u00c9 fundamental que tanto o empregador quanto o empregado estejam atentos \u00e0s regras da CLT em rela\u00e7\u00e3o \u00e0 jornada de trabalho e \u00e0s horas extras. O n\u00e3o cumprimento das normas pode acarretar em multas e a\u00e7\u00f5es <b>trabalhistas.<\/b><\/p><p>Em resumo, a CLT estabelece limites para a jornada de trabalho e regulamenta o pagamento de horas extras. \u00c9 essencial que empregadores e empregados conhe\u00e7am e respeitem essas regras para garantir um ambiente de trabalho saud\u00e1vel e em conformidade com a legisla\u00e7\u00e3o.<\/p><h4>Descanso semanal remunerado na CLT<\/h4><p>O descanso semanal remunerado \u00e9 um direito garantido aos trabalhadores pela Consolida\u00e7\u00e3o das Leis do Trabalho (CLT). Ele consiste na <b>folga semanal<\/b> de, no m\u00ednimo, 24 horas consecutivas, para que o trabalhador possa descansar, se divertir e se dedicar a atividades de lazer e conv\u00edvio familiar.<\/p><p>De acordo com a CLT, todo empregado tem direito a um descanso semanal remunerado, <b>preferencialmente aos domingos<\/b>. No entanto, a legisla\u00e7\u00e3o permite que a jornada de descanso seja fixada em outro dia da semana, desde que seja garantido um <b>repouso semanal remunerado<\/b> dentro do per\u00edodo de sete dias.<\/p><p>Al\u00e9m disso, a CLT tamb\u00e9m estabelece que o descanso semanal remunerado deve ser pago em dobro nos casos em que o empregado for convocado para trabalhar nesse per\u00edodo. Essa remunera\u00e7\u00e3o em dobro \u00e9 conhecida como \"hora extra de repouso\" e tem o objetivo de compensar o trabalhador pelo seu descanso interrompido.<\/p><p>\u00c9 importante ressaltar que o descanso semanal remunerado \u00e9 um direito irrenunci\u00e1vel e n\u00e3o pode ser substitu\u00eddo por pagamento em dinheiro ou qualquer outra forma de compensa\u00e7\u00e3o. A finalidade desse direito \u00e9 garantir que o trabalhador tenha um tempo adequado de descanso e recupera\u00e7\u00e3o f\u00edsica e mental.<\/p><h4>F\u00e9rias e licen\u00e7as na CLT para trabalhadores em tempo integral<\/h4><p>No Brasil, a Consolida\u00e7\u00e3o das Leis do Trabalho (CLT) regula os direitos e deveres dos trabalhadores, incluindo as f\u00e9rias e licen\u00e7as. Para os trabalhadores em tempo integral, \u00e9 importante entender essas regras para garantir o descanso adequado e os per\u00edodos de afastamento necess\u00e1rios.<\/p><p>Segundo a CLT, todo trabalhador tem direito a f\u00e9rias remuneradas ap\u00f3s completar um ano de trabalho. Para os trabalhadores em tempo integral, isso significa que eles t\u00eam direito a um per\u00edodo de descanso de, pelo menos, 30 dias corridos, que podem ser divididos em at\u00e9 tr\u00eas per\u00edodos, desde que um deles tenha, no m\u00ednimo, 14 dias consecutivos.<\/p><p>Al\u00e9m das f\u00e9rias, a CLT tamb\u00e9m prev\u00ea algumas licen\u00e7as importantes para os trabalhadores em tempo integral. Uma delas \u00e9 a licen\u00e7a-maternidade, que garante \u00e0 mulher gestante o afastamento remunerado do trabalho antes e ap\u00f3s o parto. Essa licen\u00e7a tem a dura\u00e7\u00e3o de 120 dias, mas pode ser estendida por mais 60 dias em casos de ado\u00e7\u00e3o ou parto prematuro.<\/p><p>Outra licen\u00e7a importante \u00e9 a licen\u00e7a-paternidade, que permite ao pai ausentar-se do trabalho por 5 dias corridos ap\u00f3s o nascimento do filho. Essa licen\u00e7a pode ser estendida para 20 dias em empresas que aderirem ao programa Empresa Cidad\u00e3.<\/p><p>A CLT tamb\u00e9m prev\u00ea licen\u00e7as para situa\u00e7\u00f5es espec\u00edficas, como o afastamento para tratamento de sa\u00fade, previsto no aux\u00edlio-doen\u00e7a, e o afastamento para cuidar de algum familiar doente, previsto no aux\u00edlio-acidente.<\/p><p>Em resumo, os trabalhadores em tempo integral t\u00eam direito a f\u00e9rias remuneradas de 30 dias corridos, podendo ser divididas em at\u00e9 tr\u00eas per\u00edodos, e tamb\u00e9m t\u00eam direito a licen\u00e7as, como a licen\u00e7a-maternidade, licen\u00e7a-paternidade, aux\u00edlio-doen\u00e7a e aux\u00edlio-acidente, de acordo com as regras estabelecidas pela CLT.<\/p><h3>Sal\u00e1rio m\u00ednimo e remunera\u00e7\u00e3o na CLT<\/h3><p>O sal\u00e1rio m\u00ednimo e a <b>remunera\u00e7\u00e3o<\/b> s\u00e3o aspectos essenciais da Consolida\u00e7\u00e3o das Leis do Trabalho (<b>CLT<\/b>) quando se trata de regular o <b>trabalho em tempo integral<\/b>. O sal\u00e1rio m\u00ednimo \u00e9 o <b>valor m\u00ednimo<\/b> que um trabalhador deve receber por sua <b>jornada de trabalho<\/b>, estabelecido por lei para garantir um padr\u00e3o de vida digno e minimizar a <b>desigualdade social<\/b>.<\/p><p>Na CLT, o sal\u00e1rio m\u00ednimo \u00e9 definido como a contrapresta\u00e7\u00e3o m\u00ednima devida ao trabalhador, com regras espec\u00edficas para sua aplica\u00e7\u00e3o. O valor do sal\u00e1rio m\u00ednimo \u00e9 fixado pelo Governo Federal, anualmente, considerando diversos fatores como a infla\u00e7\u00e3o e o crescimento da economia. \u00c9 importante ressaltar que o sal\u00e1rio m\u00ednimo pode variar conforme a regi\u00e3o do pa\u00eds, levando em considera\u00e7\u00e3o as particularidades econ\u00f4micas de cada local.<\/p><p>Al\u00e9m do sal\u00e1rio m\u00ednimo, a CLT tamb\u00e9m estabelece outras formas de remunera\u00e7\u00e3o para os <b>trabalhadores<\/b> em tempo integral. Entre elas, podemos destacar o sal\u00e1rio-base, que \u00e9 a remunera\u00e7\u00e3o fixa mensal do trabalhador; as horas extras, que s\u00e3o as horas trabalhadas al\u00e9m da jornada normal e devem ser remuneradas com acr\u00e9scimo; e as gratifica\u00e7\u00f5es, que s\u00e3o pagamentos adicionais concedidos a crit\u00e9rio do empregador.<\/p><p>\u00c9 importante ressaltar que a remunera\u00e7\u00e3o na CLT deve ser justa e proporcional ao trabalho desempenhado pelo empregado, de acordo com suas habilidades e qualifica\u00e7\u00f5es. A legisla\u00e7\u00e3o trabalhista visa garantir uma rela\u00e7\u00e3o de trabalho equilibrada, buscando a valoriza\u00e7\u00e3o do trabalho e a prote\u00e7\u00e3o dos direitos dos trabalhadores.<\/p><p>Em resumo, o sal\u00e1rio m\u00ednimo e a remunera\u00e7\u00e3o na CLT s\u00e3o fundamentais para a regula\u00e7\u00e3o do trabalho em tempo integral. Eles garantem que os trabalhadores recebam uma <b>remunera\u00e7\u00e3o justa<\/b> e minimizam as desigualdades sociais. \u00c9 essencial que empregadores e empregados conhe\u00e7am e respeitem as disposi\u00e7\u00f5es da CLT relacionadas a sal\u00e1rio m\u00ednimo e remunera\u00e7\u00e3o, assegurando assim uma rela\u00e7\u00e3o de trabalho saud\u00e1vel e em conformidade com a lei.<\/p><h4>O papel da CLT na garantia do sal\u00e1rio m\u00ednimo<\/h4><p>A <b>Consolida\u00e7\u00e3o das Leis do Trabalho<\/b> (CLT) desempenha um papel fundamental na garantia do <b>sal\u00e1rio m\u00ednimo<\/b>, assegurando que os trabalhadores recebam uma <b>remunera\u00e7\u00e3o justa<\/b> e suficiente para suprir suas necessidades b\u00e1sicas. <\/p><p>A CLT estabelece o sal\u00e1rio m\u00ednimo como um valor m\u00ednimo a ser pago aos trabalhadores em tempo integral, levando em considera\u00e7\u00e3o as condi\u00e7\u00f5es econ\u00f4micas do pa\u00eds e o custo de vida da popula\u00e7\u00e3o. Essa medida busca proteger os trabalhadores de poss\u00edveis abusos por parte dos empregadores, garantindo que recebam um valor digno pelo seu trabalho.<\/p><p>Al\u00e9m disso, a CLT tamb\u00e9m prev\u00ea san\u00e7\u00f5es para os empregadores que descumprem a legisla\u00e7\u00e3o trabalhista, como o n\u00e3o pagamento do sal\u00e1rio m\u00ednimo. Essas penalidades t\u00eam o objetivo de coibir pr\u00e1ticas abusivas e assegurar que os <b>direitos dos trabalhadores<\/b> sejam respeitados.<\/p><p>\u00c9 importante ressaltar que o sal\u00e1rio m\u00ednimo n\u00e3o se limita apenas a um valor fixo, mas tamb\u00e9m abrange outros benef\u00edcios e direitos, como o d\u00e9cimo terceiro sal\u00e1rio e o pagamento de horas extras. A CLT estabelece regras claras para essas quest\u00f5es, visando proteger os trabalhadores e garantir que recebam todas as remunera\u00e7\u00f5es a que t\u00eam direito.<\/p><p>Al\u00e9m do mais, a CLT tamb\u00e9m estabelece normas para a negocia\u00e7\u00e3o coletiva, permitindo que os sindicatos atuem na defesa dos interesses dos trabalhadores e busquem melhores condi\u00e7\u00f5es de trabalho e salariais. Essa possibilidade de di\u00e1logo entre empregados e empregadores contribui para a manuten\u00e7\u00e3o de uma rela\u00e7\u00e3o mais equilibrada e justa no ambiente de trabalho.<\/p><p>Em suma, a CLT desempenha um papel essencial na garantia do sal\u00e1rio m\u00ednimo, protegendo os trabalhadores e assegurando que recebam uma remunera\u00e7\u00e3o adequada. A legisla\u00e7\u00e3o trabalhista busca promover a justi\u00e7a e a igualdade nas rela\u00e7\u00f5es de trabalho, contribuindo para a constru\u00e7\u00e3o de uma sociedade mais justa e equilibrada.<\/p><h4>Bonifica\u00e7\u00f5es e gratifica\u00e7\u00f5es na CLT<\/h4><p>As bonifica\u00e7\u00f5es e gratifica\u00e7\u00f5es s\u00e3o importantes aspectos da Consolida\u00e7\u00e3o das Leis do Trabalho (CLT) quando se trata da regula\u00e7\u00e3o do trabalho em tempo integral. Essas formas de remunera\u00e7\u00e3o t\u00eam como objetivo reconhecer e recompensar o desempenho excepcional do funcion\u00e1rio, incentivando a produtividade e a motiva\u00e7\u00e3o no ambiente de trabalho.<\/p><p>A CLT estabelece que as bonifica\u00e7\u00f5es podem ser oferecidas de v\u00e1rias maneiras, como b\u00f4nus, participa\u00e7\u00e3o nos lucros, comiss\u00f5es, entre outros. Essa remunera\u00e7\u00e3o adicional pode ser concedida de forma individual ou coletiva, dependendo dos crit\u00e9rios determinados pela empresa. \u00c9 importante ressaltar que as bonifica\u00e7\u00f5es devem ser estabelecidas de forma clara e transparente, evitando qualquer tipo de discrimina\u00e7\u00e3o ou favorecimento injusto.<\/p><p>J\u00e1 as gratifica\u00e7\u00f5es s\u00e3o pagamentos extras que podem ser oferecidos em ocasi\u00f5es especiais, como Natal, anivers\u00e1rio da empresa, conquistas de metas, entre outros eventos. Essas gratifica\u00e7\u00f5es s\u00e3o uma forma de reconhecimento aos funcion\u00e1rios pelo seu trabalho ao longo do ano e t\u00eam o objetivo de valorizar seu esfor\u00e7o e dedica\u00e7\u00e3o.<\/p><p>\u00c9 importante destacar que tanto as bonifica\u00e7\u00f5es quanto as gratifica\u00e7\u00f5es n\u00e3o s\u00e3o obrigat\u00f3rias por lei, mas muitas empresas as utilizam como <b>estrat\u00e9gia de gest\u00e3o de pessoas<\/b> para motivar e premiar seus colaboradores. No entanto, \u00e9 fundamental que essas remunera\u00e7\u00f5es extras sejam estabelecidas em acordo entre o empregador e o empregado, seja individualmente ou por meio de acordos coletivos com os sindicatos.<\/p><p>As bonifica\u00e7\u00f5es e gratifica\u00e7\u00f5es s\u00e3o formas atrativas de remunera\u00e7\u00e3o que podem beneficiar tanto os funcion\u00e1rios quanto as empresas. Para os colaboradores, representam uma oportunidade de aumentar sua renda de acordo com seu desempenho e resultados alcan\u00e7ados. Para as empresas, essas remunera\u00e7\u00f5es podem ser utilizadas como ferramentas de incentivo para melhorar a produtividade, a qualidade do trabalho e a satisfa\u00e7\u00e3o dos funcion\u00e1rios.<\/p><p>Em resumo, as bonifica\u00e7\u00f5es e gratifica\u00e7\u00f5es s\u00e3o elementos importantes da CLT quando se trata da regula\u00e7\u00e3o do trabalho em tempo integral. Essas <b>formas de remunera\u00e7\u00e3o adicional<\/b> t\u00eam como objetivo reconhecer e recompensar o desempenho excepcional dos funcion\u00e1rios, incentivando a produtividade e a motiva\u00e7\u00e3o no ambiente de trabalho.<\/p><h4>Remunera\u00e7\u00e3o do trabalho noturno na CLT<\/h4><p>O trabalho noturno \u00e9 uma modalidade espec\u00edfica de jornada de trabalho regulada pela Consolida\u00e7\u00e3o das Leis do Trabalho (CLT). A CLT estabelece que o trabalho noturno \u00e9 aquele realizado entre as 22 horas de um dia e as 5 horas do dia seguinte. Essa modalidade de trabalho possui algumas particularidades, entre elas a quest\u00e3o da remunera\u00e7\u00e3o.<\/p><p>De acordo com a CLT, o trabalhador que exerce atividades noturnas tem direito a receber um <b>adicional noturno<\/b> sobre o valor do sal\u00e1rio normal. Esse adicional \u00e9 calculado sobre o valor da hora normal de trabalho e deve ser de, no m\u00ednimo, 20%. Ou seja, um trabalhador que recebe um sal\u00e1rio de R$ 1.000,00 por m\u00eas e trabalha 8 horas por dia, receber\u00e1 um adicional noturno de R$ 4,00 por hora trabalhada durante o per\u00edodo noturno.<\/p><p>Al\u00e9m disso, a CLT estabelece que o trabalho noturno deve ser remunerado de forma diferenciada em rela\u00e7\u00e3o ao trabalho diurno, independentemente do valor do sal\u00e1rio e do cargo ocupado. Essa medida visa compensar os trabalhadores pelo desgaste f\u00edsico e emocional causado pelo trabalho durante a noite, que pode interferir no equil\u00edbrio do organismo e na qualidade de vida.<\/p><p>\u00c9 importante ressaltar que o adicional noturno \u00e9 um direito garantido por lei e, portanto, o empregador \u00e9 obrigado a conced\u00ea-lo aos trabalhadores que realizam atividades noturnas. Caso haja descumprimento dessa norma, o trabalhador pode recorrer \u00e0 Justi\u00e7a do Trabalho para reivindicar o pagamento do adicional devido.<\/p><p>Em resumo, a CLT estabelece que o trabalho noturno deve ser remunerado com um adicional m\u00ednimo de 20% sobre o valor da hora normal de trabalho. Essa medida visa compensar os trabalhadores pelos esfor\u00e7os realizados durante o per\u00edodo noturno. \u00c9 importante que os trabalhadores conhe\u00e7am seus direitos e exijam o cumprimento da lei por parte dos empregadores.<\/p><h3>Seguran\u00e7a e sa\u00fade no trabalho: a atua\u00e7\u00e3o da CLT<\/h3><p>A Consolida\u00e7\u00e3o das Leis do Trabalho (<b>CLT<\/b>) \u00e9 a principal <b>legisla\u00e7\u00e3o trabalhista<\/b> do Brasil e desempenha um papel fundamental na <b>regula\u00e7\u00e3o do trabalho em tempo integral<\/b>. Al\u00e9m de proteger os <b>direitos dos trabalhadores<\/b>, a CLT tamb\u00e9m estabelece normas que garantem a seguran\u00e7a e sa\u00fade no ambiente de trabalho.<\/p><p>Uma das principais preocupa\u00e7\u00f5es da CLT \u00e9 oferecer condi\u00e7\u00f5es de trabalho seguras e saud\u00e1veis. Para isso, a legisla\u00e7\u00e3o estabelece uma s\u00e9rie de medidas de <b>preven\u00e7\u00e3o de acidentes e doen\u00e7as ocupacionais<\/b>. Empresas s\u00e3o obrigadas a oferecer <b>equipamentos de prote\u00e7\u00e3o individual<\/b> (EPIs) adequados, realizar treinamentos de seguran\u00e7a, implementar medidas de preven\u00e7\u00e3o de acidentes, entre outras obriga\u00e7\u00f5es.<\/p><p>Al\u00e9m disso, a CLT tamb\u00e9m prev\u00ea a necessidade de empresas terem uma <b>Comiss\u00e3o Interna de Preven\u00e7\u00e3o de Acidentes<\/b> (CIPA), formada por representantes dos empregados e empregadores, que tem como objetivo identificar e eliminar os riscos de acidentes e doen\u00e7as no ambiente de trabalho.<\/p><p>A atua\u00e7\u00e3o da CLT tamb\u00e9m se estende \u00e0 sa\u00fade dos trabalhadores. A legisla\u00e7\u00e3o determina que as empresas devem oferecer <b>condi\u00e7\u00f5es adequadas de higiene e seguran\u00e7a<\/b>, como fornecer \u00e1gua pot\u00e1vel, instala\u00e7\u00f5es sanit\u00e1rias e locais apropriados para refei\u00e7\u00f5es. Al\u00e9m disso, a CLT tamb\u00e9m prev\u00ea a obrigatoriedade de exames m\u00e9dicos peri\u00f3dicos, a fim de garantir a sa\u00fade dos trabalhadores.<\/p><p>Todas essas medidas visam proteger e preservar a sa\u00fade e a integridade f\u00edsica dos trabalhadores, garantindo um ambiente de trabalho seguro. A atua\u00e7\u00e3o da CLT nesse sentido \u00e9 de extrema import\u00e2ncia, pois contribui para a redu\u00e7\u00e3o de acidentes e doen\u00e7as ocupacionais, promovendo a qualidade de vida dos trabalhadores.<\/p><h4>Normas de seguran\u00e7a e sa\u00fade no ambiente de trabalho na CLT<\/h4><p>A Consolida\u00e7\u00e3o das Leis Trabalhistas (CLT) \u00e9 a principal legisla\u00e7\u00e3o que regula o trabalho no Brasil. Dentro da CLT, existem diversas normas que visam garantir a seguran\u00e7a e a sa\u00fade dos trabalhadores no ambiente de trabalho. Essas normas s\u00e3o fundamentais para proporcionar condi\u00e7\u00f5es adequadas de trabalho e prevenir acidentes e doen\u00e7as ocupacionais.<\/p><p>Uma das normas mais importantes relacionadas \u00e0 seguran\u00e7a e sa\u00fade no trabalho \u00e9 a NR-1, que estabelece diretrizes gerais sobre as medidas de preven\u00e7\u00e3o de acidentes e doen\u00e7as ocupacionais. Essa norma imp\u00f5e que as empresas devem adotar medidas de prote\u00e7\u00e3o, como treinamentos de seguran\u00e7a, fornecimento de equipamentos adequados e incentivo \u00e0 pr\u00e1tica de h\u00e1bitos saud\u00e1veis.<\/p><p>Al\u00e9m da NR-1, existem outras normas espec\u00edficas que tratam de temas como ergonomia, prote\u00e7\u00e3o contra inc\u00eandios, riscos el\u00e9tricos, entre outros. Essas normas estabelecem requisitos m\u00ednimos que devem ser seguidos pelas empresas, visando garantir a seguran\u00e7a e a sa\u00fade dos trabalhadores.<\/p><p>Outro aspecto importante \u00e9 a obrigatoriedade da realiza\u00e7\u00e3o de exames m\u00e9dicos peri\u00f3dicos, previstos na NR-7. Esses exames t\u00eam o objetivo de identificar precocemente poss\u00edveis problemas de sa\u00fade relacionados ao trabalho, possibilitando a ado\u00e7\u00e3o de medidas de preven\u00e7\u00e3o e tratamento.<\/p><p>\u00c9 importante ressaltar que o descumprimento das normas de seguran\u00e7a e sa\u00fade no trabalho pode acarretar em penalidades para as empresas, como multas e interdi\u00e7\u00e3o do estabelecimento. Al\u00e9m disso, os trabalhadores t\u00eam o direito de recusar a execu\u00e7\u00e3o de atividades que representem risco iminente \u00e0 sua vida ou sa\u00fade.<\/p><p>Em resumo, as normas de seguran\u00e7a e sa\u00fade no ambiente de trabalho s\u00e3o de extrema import\u00e2ncia para garantir a integridade f\u00edsica e mental dos trabalhadores. \u00c9 responsabilidade das empresas cumprir essas normas, promovendo um ambiente de trabalho seguro e saud\u00e1vel.<\/p><h4>A responsabilidade do empregador na preven\u00e7\u00e3o de acidentes e doen\u00e7as ocupacionais<\/h4><p>A <b>responsabilidade do empregador<\/b> na <b>preven\u00e7\u00e3o de acidentes e doen\u00e7as ocupacionais<\/b> \u00e9 um aspecto fundamental no contexto da CLT e da regula\u00e7\u00e3o do trabalho em tempo integral. A legisla\u00e7\u00e3o trabalhista estabelece que \u00e9 dever do empregador garantir um <b>ambiente de trabalho seguro<\/b> e saud\u00e1vel para seus funcion\u00e1rios.<\/p><p>Uma das formas de cumprir essa responsabilidade \u00e9 por meio da implementa\u00e7\u00e3o de <b>medidas de preven\u00e7\u00e3o<\/b> de acidentes e doen\u00e7as ocupacionais. Isso inclui a ado\u00e7\u00e3o de <b>programas de seguran\u00e7a e sa\u00fade<\/b> no trabalho, como treinamentos peri\u00f3dicos sobre o uso adequado de equipamentos, a\u00e7\u00f5es de conscientiza\u00e7\u00e3o sobre a import\u00e2ncia da ergonomia e a disponibiliza\u00e7\u00e3o de equipamentos de prote\u00e7\u00e3o individual.<\/p><p>Al\u00e9m disso, o empregador deve estar atento \u00e0 <b>identifica\u00e7\u00e3o de riscos<\/b> e \u00e0 promo\u00e7\u00e3o de um ambiente de trabalho livre de agentes nocivos \u00e0 sa\u00fade dos trabalhadores. Isso implica na realiza\u00e7\u00e3o de avalia\u00e7\u00f5es regulares das condi\u00e7\u00f5es do local de trabalho, bem como na ado\u00e7\u00e3o de medidas corretivas para eliminar ou reduzir os riscos identificados.<\/p><p>Caso ocorra algum acidente ou doen\u00e7a ocupacional, o empregador tamb\u00e9m deve cumprir sua responsabilidade de prestar <b>assist\u00eancia ao trabalhador<\/b>, garantindo acesso a tratamento m\u00e9dico adequado e, quando necess\u00e1rio, promovendo a reintegra\u00e7\u00e3o do funcion\u00e1rio ao trabalho de forma segura.<\/p><p>\u00c9 importante ressaltar que o n\u00e3o cumprimento das obriga\u00e7\u00f5es quanto \u00e0 preven\u00e7\u00e3o de acidentes e doen\u00e7as ocupacionais pode acarretar em consequ\u00eancias legais para o empregador. Al\u00e9m de estar sujeito a multas e penalidades, o empregador pode ser responsabilizado civil e criminalmente pelos danos causados aos trabalhadores.<\/p><p>Em resumo, a responsabilidade do empregador na preven\u00e7\u00e3o de acidentes e doen\u00e7as ocupacionais \u00e9 uma exig\u00eancia legal que visa assegurar a prote\u00e7\u00e3o e bem-estar dos trabalhadores. \u00c9 fundamental que os empregadores estejam conscientes de suas obriga\u00e7\u00f5es e adotem medidas efetivas para garantir um ambiente de trabalho seguro.<\/p><h4>A prote\u00e7\u00e3o do trabalhador em caso de doen\u00e7a ou acidente de trabalho pela CLT<\/h4><p>A Consolida\u00e7\u00e3o das Leis Trabalhistas (CLT) tem um papel crucial na garantia dos direitos e prote\u00e7\u00e3o dos trabalhadores em caso de <b>doen\u00e7a ou acidente de trabalho<\/b>. Atrav\u00e9s de suas normas e regulamenta\u00e7\u00f5es, a CLT estabelece uma s\u00e9rie de medidas para amparar os trabalhadores nessas situa\u00e7\u00f5es.<\/p><p>Uma das principais medidas de prote\u00e7\u00e3o \u00e9 o <b>aux\u00edlio-doen\u00e7a acident\u00e1rio<\/b>, que \u00e9 um benef\u00edcio concedido ao trabalhador que sofre um acidente de trabalho ou adquire uma doen\u00e7a ocupacional. Esse benef\u00edcio garante ao empregado a continuidade do seu sal\u00e1rio enquanto estiver afastado do trabalho, al\u00e9m de assist\u00eancia m\u00e9dica e reabilita\u00e7\u00e3o profissional, quando necess\u00e1rio.<\/p><p>Al\u00e9m do aux\u00edlio-doen\u00e7a acident\u00e1rio, a CLT tamb\u00e9m prev\u00ea outras medidas de prote\u00e7\u00e3o ao trabalhador nessas situa\u00e7\u00f5es. Uma delas \u00e9 a <b>estabilidade no emprego<\/b>, que garante ao funcion\u00e1rio o direito de n\u00e3o ser demitido pelo per\u00edodo de 12 meses ap\u00f3s o t\u00e9rmino do aux\u00edlio-doen\u00e7a acident\u00e1rio. Essa estabilidade \u00e9 uma forma de assegurar que o trabalhador n\u00e3o seja prejudicado em virtude de uma les\u00e3o ou doen\u00e7a adquirida no ambiente de trabalho.<\/p><p>Outra importante medida de prote\u00e7\u00e3o \u00e9 a responsabiliza\u00e7\u00e3o do empregador em casos de acidentes de trabalho ou doen\u00e7as ocupacionais. A CLT estabelece que a empresa \u00e9 respons\u00e1vel por proporcionar um ambiente de trabalho seguro e saud\u00e1vel, fornecendo equipamentos de prote\u00e7\u00e3o individual, realizando treinamentos e adotando todas as medidas necess\u00e1rias para evitar acidentes e doen\u00e7as relacionadas ao trabalho. Caso o empregador n\u00e3o cumpra essas obriga\u00e7\u00f5es, ele poder\u00e1 ser responsabilizado civil e criminalmente.<\/p><p>Em resumo, a CLT proporciona uma s\u00e9rie de medidas para proteger os trabalhadores em caso de doen\u00e7a ou acidente de trabalho. Essas medidas incluem o aux\u00edlio-doen\u00e7a acident\u00e1rio, estabilidade no emprego e <b>responsabiliza\u00e7\u00e3o do empregador.<\/b> \u00c9 fundamental que os trabalhadores conhe\u00e7am seus direitos e exijam o cumprimento da legisla\u00e7\u00e3o para garantir sua seguran\u00e7a e bem-estar no ambiente de trabalho.<\/p><h3>Prote\u00e7\u00e3o social: benef\u00edcios previstos pela CLT<\/h3><p>A Consolida\u00e7\u00e3o das Leis do Trabalho (CLT) \u00e9 a principal legisla\u00e7\u00e3o trabalhista do Brasil, respons\u00e1vel por estabelecer direitos e deveres tanto para os empregados quanto para os empregadores. Um dos aspectos mais importantes da CLT \u00e9 a prote\u00e7\u00e3o social aos trabalhadores, que inclui uma s\u00e9rie de benef\u00edcios assegurados por lei.<\/p><p>Um dos benef\u00edcios mais conhecidos \u00e9 o <b>seguro-desemprego<\/b>, que garante uma renda tempor\u00e1ria ao trabalhador demitido sem justa causa. Para ter direito a esse benef\u00edcio, o trabalhador precisa ter trabalhado por um determinado per\u00edodo e estar dentro dos crit\u00e9rios estabelecidos pela lei.<\/p><p>Outro benef\u00edcio previsto pela CLT \u00e9 o <b>abono salarial<\/b>, tamb\u00e9m conhecido como PIS\/PASEP. Trata-se de um valor equivalente a um sal\u00e1rio m\u00ednimo anual, pago aos trabalhadores que atendem aos requisitos estipulados pelo programa. Esse benef\u00edcio visa complementar a renda do trabalhador e promover a distribui\u00e7\u00e3o de renda.<\/p><p>A CLT tamb\u00e9m prev\u00ea o pagamento de <b>horas extras<\/b>, que s\u00e3o as horas trabalhadas al\u00e9m da jornada normal de trabalho. Essas horas devem ser pagas com um acr\u00e9scimo no valor da hora trabalhada, garantindo uma compensa\u00e7\u00e3o financeira ao empregado pelo seu trabalho adicional.<\/p><p>Al\u00e9m disso, a CLT assegura o direito a <b>f\u00e9rias remuneradas<\/b> ap\u00f3s um determinado per\u00edodo de trabalho. As f\u00e9rias t\u00eam o objetivo de proporcionar descanso e lazer ao trabalhador, al\u00e9m de contribuir para sua sa\u00fade e bem-estar.<\/p><p>Outro benef\u00edcio importante \u00e9 o 13\u00ba sal\u00e1rio, que consiste no pagamento de uma gratifica\u00e7\u00e3o de fim de ano. Essa gratifica\u00e7\u00e3o corresponde a 1\/12 avos da remunera\u00e7\u00e3o do trabalhador por m\u00eas trabalhado.<\/p><p>Em resumo, a CLT prev\u00ea uma s\u00e9rie de benef\u00edcios que visam garantir a prote\u00e7\u00e3o social ao trabalhador. Esses benef\u00edcios incluem o seguro-desemprego, o abono salarial, o pagamento de horas extras, as f\u00e9rias remuneradas e o <b>13\u00ba sal\u00e1rio.<\/b> Essas garantias t\u00eam o objetivo de assegurar uma maior seguran\u00e7a e qualidade de vida aos trabalhadores.<\/p><h4>Seguro-desemprego na CLT<\/h4><p>O <b>seguro-desemprego<\/b> \u00e9 um <b>benef\u00edcio<\/b> importante previsto na Consolida\u00e7\u00e3o das Leis do Trabalho (<b>CLT<\/b>) que visa amparar os <b>trabalhadores<\/b> que perderam seus empregos de forma involunt\u00e1ria. \u00c9 um direito fundamental para garantir a seguran\u00e7a financeira e auxiliar na busca por uma nova coloca\u00e7\u00e3o profissional.<\/p><p>De acordo com a CLT, o seguro-desemprego \u00e9 destinado aos trabalhadores que foram <b>dispensados sem justa causa<\/b>. Para ter direito ao benef\u00edcio, \u00e9 necess\u00e1rio cumprir alguns <b>requisitos<\/b>, como ter recebido sal\u00e1rios consecutivos por um determinado per\u00edodo, estar desempregado e n\u00e3o possuir outra fonte de renda. Al\u00e9m disso, \u00e9 necess\u00e1rio estar devidamente registrado como empregado, ter trabalhado por um tempo m\u00ednimo e n\u00e3o ter recebido o seguro-desemprego nos \u00faltimos 16 meses.<\/p><p>O <b>valor<\/b> do seguro-desemprego \u00e9 calculado com base na m\u00e9dia dos \u00faltimos sal\u00e1rios recebidos pelo trabalhador. Ele pode variar entre tr\u00eas a cinco <b>parcelas<\/b>, de acordo com o tempo de trabalho com <b>carteira assinada<\/b>. O objetivo do benef\u00edcio \u00e9 garantir uma <b>renda tempor\u00e1ria<\/b> durante o per\u00edodo de transi\u00e7\u00e3o entre o desemprego e a <b>recoloca\u00e7\u00e3o no mercado de trabalho<\/b>.<\/p><p>\u00c9 importante ressaltar que o seguro-desemprego n\u00e3o \u00e9 um direito autom\u00e1tico. O trabalhador deve fazer o requerimento do benef\u00edcio junto ao Minist\u00e9rio do Trabalho e Previd\u00eancia Social no prazo de at\u00e9 120 dias ap\u00f3s a data da dispensa. Al\u00e9m disso, \u00e9 necess\u00e1rio apresentar a documenta\u00e7\u00e3o exigida, como a Carteira de Trabalho, formul\u00e1rios preenchidos, entre outros.<\/p><h4>Aposentadoria e previd\u00eancia social na CLT<\/h4><p>A aposentadoria e a previd\u00eancia social s\u00e3o temas de extrema import\u00e2ncia na Consolida\u00e7\u00e3o das Leis do Trabalho (CLT). A CLT prev\u00ea que todo trabalhador tem direito \u00e0 aposentadoria e \u00e0 prote\u00e7\u00e3o social durante a sua vida laboral. Nesse sentido, a legisla\u00e7\u00e3o trabalhista estabelece as regras para a concess\u00e3o e os requisitos necess\u00e1rios para a obten\u00e7\u00e3o desses benef\u00edcios.<\/p><p>De acordo com a CLT, a aposentadoria \u00e9 um <b>direito do trabalhador<\/b> que atingiu a idade m\u00ednima de 65 anos para os homens e 60 anos para as mulheres. Al\u00e9m disso, \u00e9 necess\u00e1rio ter contribu\u00eddo para a previd\u00eancia social por, no m\u00ednimo, 15 anos. O <b>valor da aposentadoria<\/b> \u00e9 calculado com base nas contribui\u00e7\u00f5es realizadas ao longo da vida profissional.<\/p><p>A previd\u00eancia social, por sua vez, \u00e9 um <b>sistema de prote\u00e7\u00e3o social<\/b> que garante <b>benef\u00edcios aos trabalhadores<\/b>, como aux\u00edlio-doen\u00e7a, aux\u00edlio-maternidade, pens\u00e3o por morte e aposentadoria por invalidez. Esses benef\u00edcios s\u00e3o concedidos mediante o pagamento de contribui\u00e7\u00f5es mensais ao <b>INSS<\/b> (Instituto Nacional do Seguro Social).<\/p><p>\u00c9 importante ressaltar que a CLT tamb\u00e9m estabelece normas para a prote\u00e7\u00e3o do trabalhador em caso de desligamento da empresa. O trabalhador demitido sem justa causa tem direito ao <b>seguro-desemprego<\/b>, que consiste em um aux\u00edlio financeiro tempor\u00e1rio enquanto busca por um novo emprego.<\/p><p>Em resumo, a CLT cont\u00e9m dispositivos que asseguram aos trabalhadores a aposentadoria e a prote\u00e7\u00e3o social. Essas medidas t\u00eam como objetivo garantir a seguran\u00e7a e o bem-estar dos trabalhadores ao longo de sua vida profissional. <\/p><h4>Maternidade e licen\u00e7a-maternidade na CLT<\/h4><p>A maternidade e a licen\u00e7a-maternidade s\u00e3o temas essenciais na Consolida\u00e7\u00e3o das Leis do Trabalho (CLT), que regulamenta o trabalho em tempo integral. A CLT estabelece <b>direitos e prote\u00e7\u00f5es espec\u00edficas para as trabalhadoras gestantes<\/b> e lactantes, garantindo assim a seguran\u00e7a, sa\u00fade e bem-estar tanto da m\u00e3e quanto do beb\u00ea.<\/p><p>De acordo com a CLT, a trabalhadora gestante tem direito \u00e0 estabilidade no emprego desde a confirma\u00e7\u00e3o da gravidez at\u00e9 cinco meses ap\u00f3s o parto. Isso significa que a empresa n\u00e3o pode demiti-la sem justa causa durante esse per\u00edodo, garantindo assim a tranquilidade necess\u00e1ria para a gestante.<\/p><p>Al\u00e9m disso, a CLT determina tamb\u00e9m o direito \u00e0 licen\u00e7a-maternidade, que \u00e9 de 120 dias (ou 180 dias em algumas situa\u00e7\u00f5es espec\u00edficas) a partir do parto. Durante esse per\u00edodo, a trabalhadora tem direito ao afastamento remunerado do trabalho, recebendo um sal\u00e1rio-maternidade.<\/p><p>Essa licen\u00e7a \u00e9 importante para que a m\u00e3e possa se dedicar integralmente aos cuidados com o beb\u00ea nos primeiros meses de vida, promovendo a sa\u00fade e o desenvolvimento adequado da crian\u00e7a. Al\u00e9m disso, a licen\u00e7a-maternidade tamb\u00e9m contribui para o v\u00ednculo afetivo entre m\u00e3e e filho, fortalecendo os la\u00e7os familiares.<\/p><p>\u00c9 importante ressaltar que a licen\u00e7a-maternidade \u00e9 um direito garantido por lei, e a empresa \u00e9 obrigada a cumprir essa determina\u00e7\u00e3o. Caso a empresa se recuse a conceder a licen\u00e7a ou qualquer outro direito previsto na CLT, a trabalhadora pode recorrer aos \u00f3rg\u00e3os competentes e buscar a devida repara\u00e7\u00e3o.<\/p><p>Portanto, a CLT assegura \u00e0 trabalhadora gestante e lactante a prote\u00e7\u00e3o e os direitos necess\u00e1rios para que ela possa vivenciar a maternidade de forma tranquila e segura, conciliando o trabalho em tempo integral com as necessidades de cuidado e dedica\u00e7\u00e3o ao seu filho.<\/p><h3>Fiscaliza\u00e7\u00e3o e cumprimento da CLT no trabalho em tempo integral<\/h3><p>A fiscaliza\u00e7\u00e3o e o cumprimento da CLT no trabalho em tempo integral s\u00e3o de extrema import\u00e2ncia para garantir os direitos e a prote\u00e7\u00e3o dos trabalhadores. A Consolida\u00e7\u00e3o das Leis do Trabalho (CLT) estabelece diversas normas e deveres tanto para empregadores quanto para empregados, visando assegurar condi\u00e7\u00f5es dignas e justas de trabalho.<\/p><p>Para garantir que as empresas estejam cumprindo a lei, existem <b>\u00f3rg\u00e3os respons\u00e1veis pela fiscaliza\u00e7\u00e3o<\/b>, como o Minist\u00e9rio do Trabalho e Emprego e suas respectivas secretarias regionais. Esses \u00f3rg\u00e3os t\u00eam a fun\u00e7\u00e3o de verificar se as empresas est\u00e3o respeitando as normas trabalhistas, como carga hor\u00e1ria, jornada de trabalho, horas extras, descanso semanal remunerado, entre outros.<\/p><p>A fiscaliza\u00e7\u00e3o pode ocorrer por meio de inspe\u00e7\u00f5es programadas ou atrav\u00e9s de den\u00fancias feitas por trabalhadores ou sindicatos. Caso sejam constatadas irregularidades, s\u00e3o aplicadas san\u00e7\u00f5es, que podem variar desde multas at\u00e9 a\u00e7\u00f5es judiciais para garantir os <b>direitos dos trabalhadores.<\/b><\/p><p>No trabalho em tempo integral, \u00e9 fundamental observar a <b>carga hor\u00e1ria m\u00e1xima permitida<\/b> pela CLT, que \u00e9 de 44 horas semanais, incluindo o tempo de intervalo. Al\u00e9m disso, \u00e9 necess\u00e1rio respeitar o limite de 8 horas di\u00e1rias de trabalho, podendo ser estendido para at\u00e9 12 horas, desde que haja uma compensa\u00e7\u00e3o posterior, como o banco de horas.<\/p><p>\u00c9 imprescind\u00edvel que os trabalhadores conhe\u00e7am seus direitos e busquem se informar sobre a legisla\u00e7\u00e3o trabalhista. Em casos de descumprimento da CLT, \u00e9 importante buscar apoio do sindicato da categoria ou at\u00e9 mesmo de um advogado trabalhista para garantir a regulariza\u00e7\u00e3o e a repara\u00e7\u00e3o dos direitos violados.<\/p><h4>Papel do Minist\u00e9rio do Trabalho e da Justi\u00e7a do Trabalho na aplica\u00e7\u00e3o da CLT<\/h4><p>O Minist\u00e9rio do Trabalho e a Justi\u00e7a do Trabalho desempenham um <b>papel fundamental<\/b> na aplica\u00e7\u00e3o da Consolida\u00e7\u00e3o das Leis do Trabalho (CLT) no Brasil. Essas institui\u00e7\u00f5es t\u00eam o objetivo de garantir o <b>cumprimento dos direitos trabalhistas<\/b> e <b>proteger a classe trabalhadora<\/b>.<\/p><p>O Minist\u00e9rio do Trabalho \u00e9 respons\u00e1vel por <b>fiscalizar o cumprimento da CLT<\/b> por parte dos empregadores. Ele atua de forma preventiva, realizando inspe\u00e7\u00f5es nas empresas para verificar se est\u00e3o seguindo todas as normas trabalhistas, como o registro dos funcion\u00e1rios, o pagamento do sal\u00e1rio m\u00ednimo e o respeito \u00e0s jornadas de trabalho estabelecidas na lei. Al\u00e9m disso, o Minist\u00e9rio tamb\u00e9m atua na <b>media\u00e7\u00e3o de conflitos<\/b> entre empregadores e trabalhadores, buscando solu\u00e7\u00f5es amig\u00e1veis para ambas as partes.<\/p><p>A Justi\u00e7a do Trabalho, por sua vez, \u00e9 o \u00f3rg\u00e3o respons\u00e1vel por <b>julgar as quest\u00f5es relacionadas aos direitos trabalhistas<\/b>. Ela atua como uma inst\u00e2ncia judicial especializada, garantindo o acesso dos trabalhadores \u00e0 justi\u00e7a e a <b>resolu\u00e7\u00e3o de conflitos trabalhistas<\/b>. Atrav\u00e9s dos seus ju\u00edzes e tribunais, a Justi\u00e7a do Trabalho analisa e decide casos como rescis\u00f5es contratuais, horas extras, f\u00e9rias, entre outros direitos previstos na CLT.<\/p><p>A atua\u00e7\u00e3o conjunta do Minist\u00e9rio do Trabalho e da Justi\u00e7a do Trabalho \u00e9 fundamental para a garantia dos direitos dos trabalhadores e o cumprimento da legisla\u00e7\u00e3o trabalhista. Ambos t\u00eam o objetivo de <b>assegurar condi\u00e7\u00f5es dignas de trabalho<\/b>, <b>combater a explora\u00e7\u00e3o<\/b> e <b>proteger os direitos dos trabalhadores<\/b>.<\/p><p>Em resumo, o Minist\u00e9rio do Trabalho fiscaliza o cumprimento da CLT por parte dos empregadores, enquanto a Justi\u00e7a do Trabalho julga os casos relacionados aos direitos trabalhistas. Essas institui\u00e7\u00f5es trabalham em conjunto para <b>garantir a aplica\u00e7\u00e3o da legisla\u00e7\u00e3o trabalhista<\/b> e proteger os <b>trabalhadores brasileiros.<\/b><\/p><h4>Consequ\u00eancias para o empregador em caso de descumprimento da CLT<\/h4><p>O descumprimento da CLT (Consolida\u00e7\u00e3o das Leis do Trabalho) por parte do empregador pode acarretar em diversas consequ\u00eancias negativas. A CLT \u00e9 uma lei que garante os direitos trabalhistas e estabelece as obriga\u00e7\u00f5es do empregador em rela\u00e7\u00e3o aos seus funcion\u00e1rios. No caso do descumprimento, o empregador pode enfrentar problemas legais, financeiros e de imagem. <\/p><p>Uma das consequ\u00eancias pode ser a aplica\u00e7\u00e3o de multas e penalidades. A fiscaliza\u00e7\u00e3o do trabalho, por meio do Minist\u00e9rio do Trabalho e Emprego, pode realizar inspe\u00e7\u00f5es nas empresas para verificar se as normas da CLT est\u00e3o sendo cumpridas. Caso sejam encontradas irregularidades, o empregador pode ser autuado e ter que pagar multas de acordo com a gravidade da infra\u00e7\u00e3o.<\/p><p>Outra poss\u00edvel consequ\u00eancia \u00e9 a\u00e7\u00f5es trabalhistas movidas pelos funcion\u00e1rios. Se um trabalhador se sentir prejudicado e identificar descumprimento da CLT, ele pode entrar com uma a\u00e7\u00e3o na Justi\u00e7a do Trabalho. Nesse caso, o empregador pode ter que arcar com indeniza\u00e7\u00f5es, pagamento de sal\u00e1rios atrasados, horas extras n\u00e3o remuneradas, entre outros direitos negados.<\/p><p>Al\u00e9m disso, o descumprimento da CLT pode afetar a imagem da empresa. A reputa\u00e7\u00e3o de uma organiza\u00e7\u00e3o \u00e9 fundamental para atrair e reter talentos, al\u00e9m de conquistar a confian\u00e7a dos clientes e parceiros comerciais. Empresas que n\u00e3o cumprem a legisla\u00e7\u00e3o trabalhista podem sofrer boicotes, ter sua imagem prejudicada e enfrentar dificuldades para se manter no mercado.<\/p><p>Portanto, \u00e9 fundamental que os empregadores estejam atentos \u00e0s regras da CLT e cumpram suas obriga\u00e7\u00f5es trabalhistas. Isso n\u00e3o s\u00f3 evita consequ\u00eancias negativas, como tamb\u00e9m contribui para um ambiente de trabalho mais justo e respeitoso.<\/p><h4>Reclamat\u00f3ria trabalhista: como recorrer aos direitos garantidos pela CLT<\/h4><p>Quando um trabalhador se depara com situa\u00e7\u00f5es que violam os seus <b>direitos trabalhistas<\/b>, como a falta de pagamento de sal\u00e1rio, horas extras n\u00e3o remuneradas ou at\u00e9 mesmo um ambiente de trabalho inadequado, uma das op\u00e7\u00f5es que ele tem para buscar a repara\u00e7\u00e3o desses danos \u00e9 ingressar com uma <b>reclamat\u00f3ria trabalhista<\/b>.<\/p><p>A reclamat\u00f3ria trabalhista \u00e9 uma <b>a\u00e7\u00e3o judicial<\/b> que tem como objetivo fazer valer os direitos previstos na Consolida\u00e7\u00e3o das Leis do Trabalho (<b>CLT<\/b>). Ela pode ser movida tanto por trabalhadores com <b>carteira assinada<\/b> quanto por trabalhadores aut\u00f4nomos ou tempor\u00e1rios, desde que exista uma <b>rela\u00e7\u00e3o de trabalho<\/b> e que haja algum tipo de <b>viola\u00e7\u00e3o dos direitos trabalhistas<\/b>.<\/p><p>Para iniciar uma reclamat\u00f3ria trabalhista, \u00e9 importante seguir alguns passos. Primeiramente, \u00e9 necess\u00e1rio reunir todas as <b>provas<\/b> que comprovem a viola\u00e7\u00e3o dos direitos trabalhistas, como registros de pagamento, contratos de trabalho, testemunhas, entre outros documentos relevantes.<\/p><p>Ap\u00f3s reunir as provas, o trabalhador deve procurar um <b>advogado especializado<\/b> em direito do trabalho, que ir\u00e1 analisar o caso e orientar sobre os pr\u00f3ximos passos. O advogado ir\u00e1 preparar a <b>peti\u00e7\u00e3o inicial<\/b>, que \u00e9 o documento onde s\u00e3o apresentados os argumentos do trabalhador e as viola\u00e7\u00f5es dos direitos trabalhistas que ele sofreu.<\/p><p>A partir da\u00ed, inicia-se o <b>processo judicial<\/b>, que pode envolver <b>audi\u00eancias<\/b> de concilia\u00e7\u00e3o e instru\u00e7\u00e3o, onde s\u00e3o ouvidas as partes envolvidas e podem ser apresentadas mais provas. O juiz respons\u00e1vel pelo caso ir\u00e1 analisar todas as informa\u00e7\u00f5es e tomar uma <b>decis\u00e3o<\/b> para reparar os direitos do trabalhador.<\/p><p>\u00c9 importante ressaltar que a reclamat\u00f3ria trabalhista pode demorar algum tempo para ser conclu\u00edda, dependendo da complexidade do caso e da carga de trabalho do Judici\u00e1rio. No entanto, \u00e9 um instrumento importante para garantir a prote\u00e7\u00e3o dos direitos trabalhistas e buscar a justi\u00e7a.<\/p><h2>Perspectivas e desafios da regula\u00e7\u00e3o do trabalho em tempo integral<\/h2><figure><img decoding=\"async\" alt=\"Regula\u00e7\u00e3o do trabalho em tempo integral: Perspectivas e desafios\" src=\"https:\/\/compareplanodesaude.com.br\/wp-content\/uploads\/imagens\/regulacao-trabalho-tempo-integral.jpg\" width=\"1600\" height=\"990\" class=\"img-post regulacao-trabalho-tempo-integral\"\/><figcaption class=\"fig-img\">Imagem representando os desafios e perspectivas da regula\u00e7\u00e3o do trabalho em tempo integral<\/figcaption><\/figure><p>O trabalho em tempo integral \u00e9 uma realidade para muitos trabalhadores ao redor do mundo. \u00c9 um regime de trabalho no qual o colaborador dedica a maior parte do seu dia \u00e0s atividades profissionais, geralmente em jornadas de 8 horas di\u00e1rias, totalizando 40 horas semanais. No Brasil, a <b>Consolida\u00e7\u00e3o das Leis do Trabalho (CLT)<\/b> \u00e9 o principal instrumento legal que regula essa forma de trabalho.<\/p><p>As perspectivas para a <b>regula\u00e7\u00e3o do trabalho em tempo integral<\/b> s\u00e3o diversas. Por um lado, h\u00e1 a vis\u00e3o de que a <b>jornada integral<\/b> traz benef\u00edcios tanto para as empresas quanto para os trabalhadores. Para as empresas, o trabalho em tempo integral permite uma maior produtividade e efici\u00eancia, al\u00e9m de facilitar o controle e a organiza\u00e7\u00e3o do fluxo de trabalho. Para os trabalhadores, a jornada integral garante uma remunera\u00e7\u00e3o mais est\u00e1vel e a possibilidade de ascens\u00e3o na carreira.<\/p><p>Por outro lado, existem desafios a serem enfrentados na regula\u00e7\u00e3o do trabalho em tempo integral. Um dos principais desafios \u00e9 garantir a sa\u00fade e o bem-estar dos trabalhadores, evitando o esgotamento e a sobrecarga de trabalho. Nesse sentido, \u00e9 necess\u00e1rio estabelecer limites claros para a jornada, garantindo pausas e intervalos adequados, al\u00e9m de promover um ambiente de trabalho saud\u00e1vel e equilibrado.<\/p><p>Outro desafio \u00e9 conciliar o trabalho em tempo integral com as demandas familiares e pessoais dos trabalhadores. Muitas vezes, o trabalho em tempo integral pode gerar dificuldades na concilia\u00e7\u00e3o entre vida profissional e pessoal, afetando a qualidade de vida e o bem-estar dos trabalhadores. \u00c9 importante, portanto, que a regulamenta\u00e7\u00e3o do trabalho em tempo integral leve em considera\u00e7\u00e3o a necessidade de flexibilidade e equil\u00edbrio entre essas esferas da vida.<\/p><p>Em resumo, as perspectivas da regula\u00e7\u00e3o do trabalho em tempo integral s\u00e3o promissoras, mas exigem uma abordagem cuidadosa e equilibrada. \u00c9 necess\u00e1rio garantir a sa\u00fade e o bem-estar dos trabalhadores, bem como conciliar o trabalho com as demandas familiares e pessoais. A regulamenta\u00e7\u00e3o adequada contribui para o crescimento e desenvolvimento tanto das empresas quanto dos colaboradores.<\/p><h3>Novas demandas e adapta\u00e7\u00f5es da CLT ao trabalho em tempo integral<\/h3><figure><img loading=\"lazy\" decoding=\"async\" alt=\"Novas demandas e adapta\u00e7\u00f5es da CLT ao trabalho em tempo integral\" src=\"https:\/\/compareplanodesaude.com.br\/wp-content\/uploads\/imagens\/novas-demandas-e-adaptacoes-da-clt-ao-trabalho-em-tempo-integral.jpg\" width=\"2000\" height=\"1847\" class=\"img-post novas-demandas-e-adaptacoes-da-clt-ao-trabalho-em-tempo-integral\"\/><figcaption class=\"fig-img\">Imagem representando as mudan\u00e7as na Consolida\u00e7\u00e3o das Leis do Trabalho (CLT) para se adequar ao trabalho em tempo integral.<\/figcaption><\/figure><p>A Consolida\u00e7\u00e3o das Leis do Trabalho (<b>CLT<\/b>) \u00e9 um conjunto de normas que regula as rela\u00e7\u00f5es de trabalho no Brasil. No entanto, com as mudan\u00e7as no mercado de trabalho e a necessidade de <b>flexibilidade<\/b>, \u00e9 importante que a CLT se adapte \u00e0s novas demandas, especialmente no que se refere ao trabalho em <b>tempo integral<\/b>.<\/p><p>O trabalho em tempo integral \u00e9 aquele em que o profissional dedica sua jornada completa \u00e0 atividade laboral, sem redu\u00e7\u00e3o de carga hor\u00e1ria. Com o avan\u00e7o da tecnologia e a globaliza\u00e7\u00e3o, muitas empresas adotaram esse modelo de trabalho para atender \u00e0s constantes demandas do mercado.<\/p><p>No entanto, a CLT precisou passar por algumas <b>adapta\u00e7\u00f5es<\/b> para regularizar essa modalidade de trabalho. Uma das principais mudan\u00e7as foi a inclus\u00e3o dos <b>direitos<\/b> e deveres dos profissionais que realizam jornada integral, garantindo-lhes os mesmos benef\u00edcios dos trabalhadores em tempo parcial.<\/p><p>Dentre os direitos previstos na CLT para os trabalhadores em tempo integral, destacam-se a <b>jornada m\u00e1xima<\/b> de trabalho, as <b>horas extras<\/b>, o descanso remunerado, as f\u00e9rias anuais e a licen\u00e7a maternidade ou paternidade. Al\u00e9m disso, a CLT tamb\u00e9m regulamenta a <b>remunera\u00e7\u00e3o<\/b> e os descontos permitidos.<\/p><p>No entanto, \u00e9 importante ressaltar que, para que a CLT seja efetiva na <b>regula\u00e7\u00e3o do trabalho<\/b> em tempo integral, \u00e9 fundamental que as empresas estejam em conformidade com a legisla\u00e7\u00e3o e que os trabalhadores conhe\u00e7am seus direitos e deveres.<\/p><p>As novas demandas do trabalho em tempo integral exigem uma regulamenta\u00e7\u00e3o adequada para garantir a <b>seguran\u00e7a<\/b> e o bem-estar dos profissionais. Dessa forma, \u00e9 essencial que a CLT continue se adaptando \u00e0s mudan\u00e7as do mercado de trabalho, sempre visando a prote\u00e7\u00e3o dos direitos trabalhistas.<\/p><h3>O avan\u00e7o das tecnologias e a influ\u00eancia na regulamenta\u00e7\u00e3o do trabalho integral<\/h3><p>O <b>avan\u00e7o das tecnologias<\/b> tem influenciado drasticamente a forma como o <b>trabalho em tempo integral<\/b> \u00e9 regulamentado. Com a era digital, as fronteiras do escrit\u00f3rio se dissiparam e muitos profissionais agora t\u00eam a possibilidade de trabalhar de forma remota, gra\u00e7as \u00e0 flexibilidade proporcionada pelas novas tecnologias. No entanto, essa evolu\u00e7\u00e3o tamb\u00e9m trouxe desafios para a legisla\u00e7\u00e3o trabalhista, que precisou se adaptar a essa nova realidade.<\/p><p>Uma das principais quest\u00f5es que surgiram \u00e9 a defini\u00e7\u00e3o das horas trabalhadas. Antigamente, o trabalho era restrito a um determinado hor\u00e1rio fixo, geralmente das 9h \u00e0s 18h, com uma pausa para o almo\u00e7o. No entanto, com a possibilidade de trabalhar de qualquer lugar e a qualquer hora, torna-se mais dif\u00edcil estabelecer limites claros de hor\u00e1rio. Isso levou \u00e0 necessidade de rever e atualizar a legisla\u00e7\u00e3o trabalhista, de modo a garantir que os trabalhadores sejam justamente remunerados pelo tempo que dedicam ao trabalho.<\/p><p>Outra quest\u00e3o importante \u00e9 a prote\u00e7\u00e3o dos <b>direitos trabalhistas<\/b>. Com o <b>trabalho remoto<\/b>, muitas vezes os profissionais ficam desprotegidos, sem os mesmos <b>benef\u00edcios<\/b> e garantias que teriam se estivessem trabalhando no escrit\u00f3rio. A CLT (Consolida\u00e7\u00e3o das Leis do Trabalho) precisa se adaptar para garantir que os trabalhadores em tempo integral, mesmo que atuem de forma remota, tenham os mesmos direitos e benef\u00edcios dos trabalhadores presenciais.<\/p><p>Al\u00e9m disso, a <b>regulamenta\u00e7\u00e3o<\/b> do trabalho em tempo integral em meio \u00e0s novas tecnologias tamb\u00e9m traz \u00e0 tona a import\u00e2ncia do equil\u00edbrio entre vida profissional e pessoal. Com a possibilidade de trabalhar em qualquer momento e lugar, muitas vezes os limites se tornam difusos, e os trabalhadores podem acabar se dedicando excessivamente ao trabalho, prejudicando sua qualidade de vida e bem-estar. Nesse sentido, \u00e9 necess\u00e1rio estabelecer mecanismos de prote\u00e7\u00e3o, como a regulamenta\u00e7\u00e3o do direito \u00e0 desconex\u00e3o, que garanta que os profissionais tenham tempo para descanso e lazer.<\/p><p>Em resumo, o avan\u00e7o das tecnologias tem provocado mudan\u00e7as significativas na regulamenta\u00e7\u00e3o do trabalho em tempo integral. A legisla\u00e7\u00e3o precisa se adaptar para abranger as novas formas de trabalho, garantindo direitos e benef\u00edcios aos trabalhadores remotos. Al\u00e9m disso, \u00e9 fundamental estabelecer mecanismos que promovam o equil\u00edbrio entre vida profissional e pessoal. <\/p><h3>Dilemas e debates em torno da jornada de trabalho na CLT<\/h3><p>A Consolida\u00e7\u00e3o das Leis do Trabalho (<b>CLT<\/b>) \u00e9 a principal legisla\u00e7\u00e3o trabalhista do Brasil, que estabelece os direitos e deveres tanto dos empregadores quanto dos empregados. Entre os diversos aspectos regulados pela CLT, um dos mais debatidos atualmente \u00e9 a jornada de trabalho. A defini\u00e7\u00e3o de uma jornada de trabalho adequada \u00e9 fundamental para garantir a sa\u00fade e o bem-estar dos trabalhadores, al\u00e9m de conciliar a produtividade das empresas.<\/p><p>No entanto, existem dilemas e debates em torno da jornada de trabalho prevista na CLT. Um dos principais dilemas diz respeito \u00e0 <b>carga hor\u00e1ria<\/b> de trabalho em tempo integral. Atualmente, a CLT estabelece a jornada de trabalho em 44 horas semanais, podendo ser distribu\u00eddas em at\u00e9 8 horas di\u00e1rias. No entanto, muitos argumentam que essa carga hor\u00e1ria \u00e9 excessiva e prejudicial \u00e0 <b>sa\u00fade e qualidade de vida<\/b> dos trabalhadores.<\/p><p>Nesse sentido, alguns especialistas defendem a <b>redu\u00e7\u00e3o<\/b> da jornada de trabalho para 40 horas semanais, visando proporcionar mais tempo livre para os trabalhadores e melhorar sua qualidade de vida. Al\u00e9m disso, argumenta-se que uma jornada mais curta pode aumentar a produtividade, visto que os trabalhadores estar\u00e3o mais descansados e motivados.<\/p><p>Outro ponto de debate \u00e9 a <b>flexibiliza\u00e7\u00e3o<\/b> da jornada de trabalho. A CLT permite que empresas adotem jornadas de trabalho flex\u00edveis, como o banco de horas e o teletrabalho. Enquanto alguns enxergam essas flexibiliza\u00e7\u00f5es como uma forma de conciliar as necessidades das empresas e dos trabalhadores, outros acreditam que isso pode levar \u00e0 explora\u00e7\u00e3o e precariza\u00e7\u00e3o das condi\u00e7\u00f5es de trabalho.<\/p><p>Diante desses dilemas e debates, \u00e9 fundamental buscar um equil\u00edbrio entre a regula\u00e7\u00e3o da jornada de trabalho e as necessidades dos trabalhadores e das empresas. \u00c9 necess\u00e1rio considerar os avan\u00e7os tecnol\u00f3gicos, as mudan\u00e7as nas din\u00e2micas de trabalho e a busca por uma sociedade mais justa e equilibrada.<\/p><h2>Como utilizar as ferramentas do Marketing Digital para divulgar seus produtos<\/h2><figure><img loading=\"lazy\" decoding=\"async\" alt=\"Mulher utilizando laptop para divulgar produtos online\" src=\"https:\/\/compareplanodesaude.com.br\/wp-content\/uploads\/imagens\/mulher-utilizando-laptop-divulgar-produtos.jpg\" width=\"1600\" height=\"1157\" class=\"img-post mulher-utilizando-laptop-divulgar-produtos\"\/><figcaption class=\"fig-img\">Mulher utilizando o laptop para divulgar produtos online<\/figcaption><\/figure><p>O <b>marketing digital<\/b> se tornou uma ferramenta essencial para empresas que desejam divulgar seus produtos ou servi\u00e7os de forma efetiva e alcan\u00e7ar um p\u00fablico cada vez maior. No contexto do trabalho em tempo integral, essa estrat\u00e9gia pode ajudar a atrair e manter clientes, promovendo uma maior visibilidade da empresa e aumentando as oportunidades de vendas.<\/p><p>Uma das principais vantagens do marketing digital \u00e9 a possibilidade de segmentar o <b>p\u00fablico-alvo<\/b> de forma mais precisa. Com o uso de ferramentas como as <b>redes sociais<\/b>, \u00e9 poss\u00edvel definir caracter\u00edsticas demogr\u00e1ficas, interesses e comportamentos espec\u00edficos do p\u00fablico que se deseja atingir. Dessa forma, \u00e9 poss\u00edvel criar campanhas mais direcionadas e personalizadas, aumentando as chances de convers\u00e3o.<\/p><p>Al\u00e9m disso, o marketing digital permite a <b>mensura\u00e7\u00e3o de resultados<\/b> de forma mais precisa. Por meio de m\u00e9tricas como o n\u00famero de cliques, visualiza\u00e7\u00f5es, compartilhamentos e vendas geradas, \u00e9 poss\u00edvel analisar o desempenho das campanhas e fazer ajustes necess\u00e1rios para obter melhores resultados. Essa an\u00e1lise cont\u00ednua \u00e9 fundamental para otimizar os investimentos em marketing e garantir um retorno satisfat\u00f3rio.<\/p><p>Outra estrat\u00e9gia importante do marketing digital \u00e9 o uso do <b>conte\u00fado relevante<\/b> para atrair a aten\u00e7\u00e3o do p\u00fablico-alvo. A produ\u00e7\u00e3o de conte\u00fado de qualidade, seja por meio de posts em blogs, v\u00eddeos, podcasts ou e-books, cria uma conex\u00e3o com a audi\u00eancia e estabelece a empresa como uma autoridade no assunto. Isso gera confian\u00e7a e aumenta as chances de os clientes potenciais se tornarem efetivamente clientes.<\/p><p>Dentre as ferramentas do marketing digital, o uso das redes sociais \u00e9 uma das mais comuns e eficazes. Atrav\u00e9s de plataformas como Facebook, Instagram, LinkedIn e Twitter, \u00e9 poss\u00edvel criar an\u00fancios pagos, impulsionar publica\u00e7\u00f5es, interagir com os clientes, receber feedbacks e promover a\u00e7\u00f5es promocionais. O importante \u00e9 escolher as redes sociais mais adequadas para o p\u00fablico-alvo da empresa e criar <b>estrat\u00e9gias<\/b> de conte\u00fado espec\u00edficas para cada uma delas.<\/p><p>Em resumo, o marketing digital \u00e9 uma excelente maneira de <b>divulgar produtos<\/b> e servi\u00e7os no contexto do trabalho em tempo integral. Por meio do uso de ferramentas como as redes sociais e a produ\u00e7\u00e3o de conte\u00fado relevante, \u00e9 poss\u00edvel segmentar o p\u00fablico-alvo, mensurar resultados e estabelecer uma conex\u00e3o s\u00f3lida com os clientes. Ao se utilizar de estrat\u00e9gias eficazes, as empresas podem alcan\u00e7ar um maior sucesso e se destacar no mercado.<\/p><h3>Estrat\u00e9gias de SEO para otimizar o conte\u00fado sobre trabalho em tempo integral<\/h3><figure><img loading=\"lazy\" decoding=\"async\" alt=\"Estrat\u00e9gias de SEO para otimizar o conte\u00fado sobre trabalho em tempo integral\" src=\"https:\/\/compareplanodesaude.com.br\/wp-content\/uploads\/imagens\/estrategias-de-seo-para-otimizar-conteudo-trabalho-tempo-integral.jpg\" width=\"1600\" height=\"1321\" class=\"img-post estrategias-de-seo-para-otimizar-conteudo-trabalho-tempo-integral\"\/><figcaption class=\"fig-img\">Ilustra\u00e7\u00e3o representando estrat\u00e9gias de SEO para otimizar o conte\u00fado sobre trabalho em tempo integral<\/figcaption><\/figure><p>Em um mercado de trabalho cada vez mais competitivo, \u00e9 essencial que as empresas utilizem <b>estrat\u00e9gias de SEO<\/b> para otimizar seu conte\u00fado sobre trabalho em tempo integral. Afinal, estar bem posicionado nos motores de busca \u00e9 vital para atrair e alcan\u00e7ar um p\u00fablico-alvo mais amplo. <\/p><p>Uma das primeiras estrat\u00e9gias \u00e9 a <b>pesquisa de <b>palavras-chave<\/b><\/b> relevantes. \u00c9 importante identificar quais termos e frases os usu\u00e1rios est\u00e3o buscando quando procuram por informa\u00e7\u00f5es relacionadas ao trabalho em tempo integral. Assim, \u00e9 poss\u00edvel criar um conte\u00fado direcionado e que atenda \u00e0s necessidades do p\u00fablico. Utilizar ferramentas de pesquisa de palavras-chave, como o Google Keyword Planner, pode ajudar nesse processo.<\/p><p>Outra estrat\u00e9gia \u00e9 a otimiza\u00e7\u00e3o do t\u00edtulo e da <b>meta descri\u00e7\u00e3o<\/b>. \u00c9 fundamental criar um t\u00edtulo atrativo e que inclua as palavras-chave identificadas anteriormente. Al\u00e9m disso, a meta descri\u00e7\u00e3o deve ser concisa e persuasiva, incentivando os usu\u00e1rios a clicarem no seu conte\u00fado.<\/p><p>Na produ\u00e7\u00e3o do conte\u00fado em si, \u00e9 importante utilizar as palavras-chave de forma natural e contextualizada ao longo do texto. Elas devem estar presentes tanto no in\u00edcio do artigo quanto ao longo dos par\u00e1grafos, mas n\u00e3o devem ser exageradamente repetitivas. Al\u00e9m disso, \u00e9 interessante incluir <b>sin\u00f4nimos<\/b> e <b>varia\u00e7\u00f5es<\/b> das palavras-chave para diversificar o texto e torn\u00e1-lo mais rico em termos de SEO.<\/p><p>A <b>estrutura do conte\u00fado<\/b> tamb\u00e9m \u00e9 relevante para otimiza\u00e7\u00e3o. Utilizar <b>t\u00edtulos e subt\u00edtulos<\/b> (tags H1, H2, H3, etc.) ajuda a organizar o texto e facilita a leitura tanto para os usu\u00e1rios quanto para os motores de busca. Al\u00e9m disso, a inclus\u00e3o de <b>links internos e externos<\/b> tamb\u00e9m \u00e9 recomendada, pois refor\u00e7a a relev\u00e2ncia do conte\u00fado e o torna mais valioso para os leitores.<\/p><p>Por fim, \u00e9 importante mencionar que \u00e9 necess\u00e1rio acompanhar os resultados das estrat\u00e9gias de SEO. Utilizar ferramentas de an\u00e1lise, como o Google Analytics, permite que se avalie o desempenho do conte\u00fado e se fa\u00e7am ajustes necess\u00e1rios para melhorar o posicionamento nos motores de busca.<\/p><h3>Utilizando as redes sociais para divulgar informa\u00e7\u00f5es sobre a CLT<\/h3><p>As redes sociais t\u00eam se mostrado um poderoso canal de comunica\u00e7\u00e3o e divulga\u00e7\u00e3o de informa\u00e7\u00f5es nos \u00faltimos anos. E n\u00e3o seria diferente quando o assunto \u00e9 a Consolida\u00e7\u00e3o das Leis do Trabalho (CLT) e a regula\u00e7\u00e3o do trabalho em tempo integral. Utilizar as redes sociais como uma ferramenta para divulgar e informar sobre a CLT pode ser uma estrat\u00e9gia eficiente para alcan\u00e7ar um n\u00famero maior de pessoas e disseminar conhecimento sobre os direitos trabalhistas.<\/p><p>Uma das principais vantagens de utilizar as redes sociais para divulgar informa\u00e7\u00f5es sobre a CLT \u00e9 a sua ampla abrang\u00eancia. Atualmente, milh\u00f5es de pessoas est\u00e3o conectadas em diferentes plataformas, como o Facebook, Instagram, Twitter e LinkedIn. Essas redes sociais s\u00e3o espa\u00e7os onde \u00e9 poss\u00edvel alcan\u00e7ar p\u00fablicos diversos, desde trabalhadores e empregadores at\u00e9 estudantes e profissionais de recursos humanos.<\/p><p>Al\u00e9m disso, as redes sociais permitem uma comunica\u00e7\u00e3o r\u00e1pida, direta e interativa. Atrav\u00e9s de posts, v\u00eddeos, infogr\u00e1ficos e lives, \u00e9 poss\u00edvel transmitir de forma clara e atrativa os direitos e as obriga\u00e7\u00f5es previstas na CLT, bem como as recentes altera\u00e7\u00f5es legislativas e jurisprudenciais. \u00c9 importante utilizar uma <b>linguagem acess\u00edvel<\/b> e objetiva, evitando termos jur\u00eddicos excessivamente t\u00e9cnicos, para que as informa\u00e7\u00f5es sejam compreendidas por todos.<\/p><p>Outro ponto relevante \u00e9 a possibilidade de <b>compartilhamento das informa\u00e7\u00f5es<\/b> pelos usu\u00e1rios das redes sociais. Quando um conte\u00fado sobre a CLT \u00e9 compartilhado, ele alcan\u00e7a uma audi\u00eancia ainda maior, ampliando o alcance e a dissemina\u00e7\u00e3o das informa\u00e7\u00f5es. Assim, \u00e9 poss\u00edvel criar uma esp\u00e9cie de \"efeito cascata\", onde os usu\u00e1rios se tornam disseminadores do conhecimento sobre a CLT para suas redes de contatos.<\/p><p>Por fim, \u00e9 importante ressaltar que a utiliza\u00e7\u00e3o das redes sociais para divulgar informa\u00e7\u00f5es sobre a CLT n\u00e3o substitui a <b>consulta a profissionais especializados<\/b> em legisla\u00e7\u00e3o trabalhista. \u00c9 fundamental que as informa\u00e7\u00f5es disponibilizadas sejam precisas, claras e estejam de acordo com as normas vigentes. Por isso, contar com a assessoria de advogados ou especialistas na \u00e1rea \u00e9 fundamental para garantir a qualidade e a veracidade das informa\u00e7\u00f5es compartilhadas.<\/p><p>Em resumo, utilizar as redes sociais como uma ferramenta de divulga\u00e7\u00e3o e informa\u00e7\u00e3o sobre a CLT e a regula\u00e7\u00e3o do trabalho em tempo integral \u00e9 uma estrat\u00e9gia importante para disseminar o conhecimento sobre os direitos trabalhistas. A ampla abrang\u00eancia, a comunica\u00e7\u00e3o direta e interativa, e a possibilidade de compartilhamento s\u00e3o vantagens que tornam as redes sociais uma poderosa aliada nesse processo.<\/p><h3>Criando um blog para compartilhar conhecimentos sobre a CLT e trabalho em tempo integral<\/h3><p>Criar um blog para compartilhar conhecimentos sobre a <b>CLT<\/b> (Consolida\u00e7\u00e3o das Leis do Trabalho) e trabalho em tempo integral pode ser uma excelente forma de ajudar as pessoas a entenderem seus direitos e responsabilidades no ambiente de trabalho. Neste blog, voc\u00ea poder\u00e1 fornecer informa\u00e7\u00f5es abrangentes sobre a CLT e como ela regula o trabalho em tempo integral, al\u00e9m de oferecer dicas e conselhos para os trabalhadores lidarem com os desafios dessa jornada.<\/p><p>Primeiramente, \u00e9 importante explicar o que \u00e9 a CLT e qual o seu objetivo. A CLT \u00e9 uma legisla\u00e7\u00e3o trabalhista que surgiu no Brasil em 1943, com o objetivo de proteger os direitos dos trabalhadores e estabelecer diretrizes para a rela\u00e7\u00e3o entre empregadores e empregados. Ela abrange diversas \u00e1reas, como <b>jornada de trabalho<\/b>, f\u00e9rias, sal\u00e1rio, rescis\u00e3o contratual, entre outros.<\/p><p>No que diz respeito ao trabalho em tempo integral, \u00e9 fundamental explicar como a CLT regula essa modalidade de trabalho. Segundo a legisla\u00e7\u00e3o, o trabalho em tempo integral \u00e9 aquele em que o empregado cumpre uma carga hor\u00e1ria de 8 horas di\u00e1rias, totalizando 44 horas semanais. \u00c9 importante ressaltar que, al\u00e9m das horas de trabalho, a CLT tamb\u00e9m determina intervalos para descanso e alimenta\u00e7\u00e3o, bem como a remunera\u00e7\u00e3o adequada para essas horas extras, quando necess\u00e1rio.<\/p><p>No blog, voc\u00ea pode oferecer informa\u00e7\u00f5es sobre os <b>direitos do trabalhador<\/b> em tempo integral, como o direito a <b>f\u00e9rias remuneradas<\/b>, 13\u00ba sal\u00e1rio, descanso semanal remunerado, entre outros benef\u00edcios previstos na CLT. Al\u00e9m disso, \u00e9 interessante abordar quest\u00f5es como a import\u00e2ncia do equil\u00edbrio entre trabalho e vida pessoal, dicas para melhorar a produtividade no trabalho em tempo integral e como lidar com poss\u00edveis sobrecargas.<\/p><p>Outro aspecto relevante a ser abordado \u00e9 a rela\u00e7\u00e3o entre a CLT e as poss\u00edveis mudan\u00e7as no ambiente de trabalho, como a ado\u00e7\u00e3o do trabalho remoto ou flex\u00edvel. Nesse sentido, \u00e9 importante discutir como a legisla\u00e7\u00e3o protege o trabalhador nesses novos formatos e quais s\u00e3o as obriga\u00e7\u00f5es do empregador.<\/p><p>Ao criar esse blog, voc\u00ea estar\u00e1 contribuindo para disseminar conhecimento e informa\u00e7\u00e3o sobre a CLT e o trabalho em tempo integral, ajudando as pessoas a entenderem seus direitos e se empoderarem no ambiente de trabalho.<\/p><h4>Estrat\u00e9gias de cria\u00e7\u00e3o de conte\u00fado relevante para atrair o p\u00fablico-alvo<\/h4><p>\u00c9 fundamental que as empresas adotem estrat\u00e9gias eficazes de <b>cria\u00e7\u00e3o de conte\u00fado relevante<\/b> para atrair e engajar o seu p\u00fablico-alvo. No contexto da regula\u00e7\u00e3o do trabalho em tempo integral, isso se torna ainda mais importante, pois \u00e9 necess\u00e1rio oferecer informa\u00e7\u00f5es valiosas e de interesse para os trabalhadores e empregadores. <\/p><p>Uma das estrat\u00e9gias \u00e9 a produ\u00e7\u00e3o de artigos informativos sobre os <b>direitos e deveres dos trabalhadores<\/b> em regime de tempo integral, abordando temas como jornada de trabalho, horas extras, f\u00e9rias, remunera\u00e7\u00e3o e benef\u00edcios. Esses artigos devem ser claros, objetivos e atualizados, fornecendo orienta\u00e7\u00f5es pr\u00e1ticas e solu\u00e7\u00f5es para os desafios enfrentados nesse tipo de regime de trabalho. <\/p><p>Outra estrat\u00e9gia \u00e9 a cria\u00e7\u00e3o de conte\u00fado relacionado \u00e0 <b>qualidade de vida no trabalho<\/b> em tempo integral. Nesse sentido, \u00e9 poss\u00edvel abordar temas como gest\u00e3o do estresse, equil\u00edbrio entre vida pessoal e profissional, sa\u00fade mental e bem-estar no ambiente de trabalho. Esses assuntos s\u00e3o relevantes para os trabalhadores e podem ajudar a promover um <b>ambiente de trabalho saud\u00e1vel<\/b> e produtivo.<\/p><p>Al\u00e9m disso, \u00e9 importante utilizar diferentes formatos de conte\u00fado, como v\u00eddeos, infogr\u00e1ficos e podcasts, para diversificar a forma como o p\u00fablico consome as informa\u00e7\u00f5es. Isso aumenta as chances de atrair e envolver diferentes perfis de pessoas.<\/p><p>Por fim, \u00e9 essencial utilizar <b>palavras-chave relevantes<\/b> nos textos e aprimorar o SEO (Search Engine Optimization) das p\u00e1ginas para garantir um bom posicionamento nos mecanismos de busca. Isso contribui para aumentar a visibilidade do conte\u00fado e atrair mais visitantes para o site.<\/p><p>Em resumo, para atrair o p\u00fablico-alvo no contexto da regula\u00e7\u00e3o do trabalho em tempo integral, \u00e9 preciso adotar estrat\u00e9gias de cria\u00e7\u00e3o de conte\u00fado relevante, oferecendo informa\u00e7\u00f5es \u00fateis e interessantes sobre os direitos e deveres dos trabalhadores, qualidade de vida no trabalho e outros temas relacionados.<\/p><h4>Utiliza\u00e7\u00e3o de palavras-chave e metadados para melhorar o SEO de um blog<\/h4><p>A utiliza\u00e7\u00e3o de palavras-chave e metadados \u00e9 fundamental para <b>otimizar o SEO de um blog<\/b>. Quando bem aplicadas, essas t\u00e9cnicas podem ajudar na classifica\u00e7\u00e3o do site nos motores de busca e aumentar a visibilidade do conte\u00fado. <\/p><p>As palavras-chave s\u00e3o termos ou frases que resumem o assunto principal do texto. Elas devem ser relevantes para o conte\u00fado e corresponderem \u00e0s buscas feitas pelos usu\u00e1rios. Ao inserir as palavras-chave no texto, \u00e9 importante n\u00e3o exagerar, para n\u00e3o parecer spam. \u00c9 recomendado utilizar as palavras-chave no t\u00edtulo, nos subt\u00edtulos e ao longo do texto de forma natural. Al\u00e9m disso, tamb\u00e9m \u00e9 interessante usar sin\u00f4nimos e varia\u00e7\u00f5es das palavras-chave para enriquecer o conte\u00fado.<\/p><p>Os metadados, por sua vez, s\u00e3o informa\u00e7\u00f5es inseridas no c\u00f3digo HTML das p\u00e1ginas, que ajudam os motores de busca a entender sobre o que se trata o conte\u00fado. O mais importante \u00e9 o <b>meta description<\/b>, que \u00e9 um resumo do conte\u00fado exibido nos resultados de pesquisa. Ele deve ser claro, atrativo e conter <b>palavras-chave relevantes<\/b>. Al\u00e9m disso, \u00e9 fundamental preencher corretamente os meta tags de t\u00edtulo e de palavras-chave, para ajudar na classifica\u00e7\u00e3o do site nos motores de busca.<\/p><p>Outra dica importante \u00e9 utilizar <b>palavras de transi\u00e7\u00e3o<\/b> ao longo do texto, como \"al\u00e9m disso\", \"por outro lado\", \"por exemplo\", entre outros. Isso ajuda a conectar as ideias e tornar o conte\u00fado mais coeso. Al\u00e9m disso, \u00e9 interessante evitar as transi\u00e7\u00f5es de conclus\u00e3o, para manter o leitor engajado no texto.<\/p><p>Em resumo, a utiliza\u00e7\u00e3o de palavras-chave e metadados \u00e9 essencial para melhorar o SEO de um blog. Ao aplicar corretamente essas t\u00e9cnicas, \u00e9 poss\u00edvel aumentar a visibilidade do conte\u00fado nos motores de busca e atrair mais visitantes para o site.<\/p><h2>O impacto da regula\u00e7\u00e3o do trabalho em tempo integral na economia<\/h2><figure><img loading=\"lazy\" decoding=\"async\" alt=\"Impacto da regula\u00e7\u00e3o do trabalho em tempo integral na economia\" src=\"https:\/\/compareplanodesaude.com.br\/wp-content\/uploads\/imagens\/impacto-regulacao-trabalho-tempo-integral-economia.jpg\" width=\"1600\" height=\"1158\" class=\"img-post impacto-regulacao-trabalho-tempo-integral-economia\"\/><figcaption class=\"fig-img\">O impacto da regula\u00e7\u00e3o do trabalho em tempo integral na economia<\/figcaption><\/figure><p>A <b>regula\u00e7\u00e3o do trabalho em tempo integral<\/b> tem um impacto significativo na <b>economia<\/b> de um pa\u00eds. Ao estabelecer uma jornada de trabalho de 40 horas semanais, a Consolida\u00e7\u00e3o das Leis do Trabalho (<b>CLT<\/b>) busca garantir melhores condi\u00e7\u00f5es para os trabalhadores, mas tamb\u00e9m pode ter implica\u00e7\u00f5es econ\u00f4micas.<\/p><p>Ao regular a jornada de trabalho, a CLT visa proteger os trabalhadores de horas excessivas e o surgimento de casos de explora\u00e7\u00e3o. Isso permite uma melhor <b>qualidade de vida<\/b>, equil\u00edbrio entre trabalho e vida pessoal e a possibilidade de dedicar tempo a outras atividades, como estudos e lazer.<\/p><p>No entanto, a regula\u00e7\u00e3o do trabalho em tempo integral tamb\u00e9m pode ter alguns impactos negativos na economia. Para as empresas, o custo de manter uma equipe em tempo integral pode ser elevado, especialmente no que diz respeito a pagamento de sal\u00e1rios e benef\u00edcios. Isso pode levar a um aumento nos <b>custos de produ\u00e7\u00e3o<\/b> e possivelmente ao aumento dos pre\u00e7os dos produtos ou servi\u00e7os.<\/p><p>Al\u00e9m disso, a rigidez da jornada de trabalho em tempo integral pode limitar a <b>flexibilidade das empresas<\/b>. Em setores que exigem adapta\u00e7\u00e3o r\u00e1pida \u00e0s demandas do mercado, como o de tecnologia, por exemplo, pode ser dif\u00edcil para as empresas se ajustarem a mudan\u00e7as repentinas ou necessidades de expans\u00e3o.<\/p><p>Por outro lado, a regula\u00e7\u00e3o do trabalho em tempo integral tamb\u00e9m pode trazer benef\u00edcios econ\u00f4micos. Ao garantir uma jornada de trabalho razo\u00e1vel, a CLT promove a produtividade e a sa\u00fade dos trabalhadores. Funcion\u00e1rios mais descansados e satisfeitos tendem a ser mais eficientes e criativos, contribuindo para o crescimento e a competitividade das empresas.<\/p><p>Em resumo, a regula\u00e7\u00e3o do trabalho em tempo integral tem um impacto complexo na economia. Embora possa trazer custos adicionais para as empresas, tamb\u00e9m pode promover a qualidade de vida e a produtividade dos trabalhadores. Encontrar um equil\u00edbrio adequado entre a <b>prote\u00e7\u00e3o dos trabalhadores<\/b> e a flexibilidade das empresas \u00e9 essencial para garantir um ambiente de trabalho saud\u00e1vel e pr\u00f3spero.<\/p><h3>Benef\u00edcios econ\u00f4micos da regula\u00e7\u00e3o do trabalho em tempo integral<\/h3><figure><img loading=\"lazy\" decoding=\"async\" alt=\"Benef\u00edcios econ\u00f4micos da regula\u00e7\u00e3o do trabalho em tempo integral\" src=\"https:\/\/compareplanodesaude.com.br\/wp-content\/uploads\/imagens\/beneficios-economicos-regulacao-trabalho-tempo-integral.jpg\" width=\"1600\" height=\"990\" class=\"img-post beneficios-economicos-regulacao-trabalho-tempo-integral\"\/><figcaption class=\"fig-img\">Os benef\u00edcios econ\u00f4micos da regula\u00e7\u00e3o do trabalho em tempo integral<\/figcaption><\/figure><p>Trabalhar em tempo integral tem se tornado uma pr\u00e1tica cada vez mais comum nas empresas, e a <b>regula\u00e7\u00e3o do trabalho em tempo integral<\/b> traz diversos benef\u00edcios econ\u00f4micos tanto para os empregadores quanto para os funcion\u00e1rios.<\/p><p>Em primeiro lugar, a regula\u00e7\u00e3o do trabalho em tempo integral proporciona um <b>aumento na produtividade<\/b> das empresas. Quando os funcion\u00e1rios trabalham em tempo integral, eles t\u00eam mais horas dispon\u00edveis para dedicar \u00e0s suas tarefas e projetos, o que resulta em um maior rendimento e efici\u00eancia no trabalho. Al\u00e9m disso, a continuidade do trabalho ao longo do dia evita interrup\u00e7\u00f5es e perdas de tempo, permitindo que as atividades sejam realizadas de forma mais \u00e1gil e eficaz.<\/p><p>Outro aspecto positivo da regula\u00e7\u00e3o do trabalho em tempo integral \u00e9 a <b>redu\u00e7\u00e3o dos custos operacionais<\/b> das empresas. Ao contratar funcion\u00e1rios em tempo integral, as empresas podem evitar os gastos extras com horas extras e contrata\u00e7\u00f5es tempor\u00e1rias, j\u00e1 que t\u00eam uma equipe dispon\u00edvel durante todo o hor\u00e1rio de expediente. Isso resulta em economia de recursos financeiros, al\u00e9m de proporcionar uma gest\u00e3o mais eficiente do quadro de funcion\u00e1rios.<\/p><p>Al\u00e9m disso, a regula\u00e7\u00e3o do trabalho em tempo integral tamb\u00e9m traz benef\u00edcios aos trabalhadores. Ao ter uma jornada de trabalho fixa e em tempo integral, os funcion\u00e1rios t\u00eam uma maior <b>estabilidade financeira<\/b> e seguran\u00e7a em seu emprego. Isso contribui para a satisfa\u00e7\u00e3o e engajamento dos colaboradores, o que impacta positivamente na qualidade do trabalho realizado e na reten\u00e7\u00e3o de talentos dentro da empresa.<\/p><p>Em resumo, a regula\u00e7\u00e3o do trabalho em tempo integral traz benef\u00edcios econ\u00f4micos tanto para as empresas quanto para os trabalhadores. Aumento da produtividade, redu\u00e7\u00e3o de custos operacionais e maior estabilidade no emprego s\u00e3o alguns dos aspectos positivos dessa pr\u00e1tica. Portanto, investir nessa regulamenta\u00e7\u00e3o pode ser uma estrat\u00e9gia vantajosa para as organiza\u00e7\u00f5es.<\/p><h3>Desafios e preocupa\u00e7\u00f5es econ\u00f4micas relacionadas \u00e0 CLT<\/h3><p>A Consolida\u00e7\u00e3o das Leis do Trabalho (CLT) desempenha um papel fundamental na regula\u00e7\u00e3o do trabalho em tempo integral. No entanto, essa legisla\u00e7\u00e3o tamb\u00e9m apresenta desafios e preocupa\u00e7\u00f5es econ\u00f4micas que devem ser considerados.<\/p><p>Um dos principais desafios est\u00e1 relacionado aos <b>encargos trabalhistas<\/b> que as empresas devem arcar ao contratar funcion\u00e1rios em tempo integral. Esses encargos incluem o pagamento de sal\u00e1rios, f\u00e9rias, 13\u00ba sal\u00e1rio, horas extras, entre outros. Esses custos podem representar uma parcela significativa do faturamento de uma empresa, principalmente para aquelas de menor porte.<\/p><p>Al\u00e9m disso, a <b>rigidez da CLT<\/b> em rela\u00e7\u00e3o \u00e0 jornada de trabalho tamb\u00e9m pode se tornar um desafio. A legisla\u00e7\u00e3o estabelece limites para a jornada di\u00e1ria e semanal de trabalho, bem como obriga\u00e7\u00f5es de descanso e intervalo. Embora essas medidas visem proteger os trabalhadores, elas podem dificultar a flexibilidade e a adapta\u00e7\u00e3o das empresas diante de demandas sazonais, por exemplo.<\/p><p>Outra preocupa\u00e7\u00e3o econ\u00f4mica diz respeito aos <b>custos de demiss\u00e3o<\/b> previstos na CLT. A legisla\u00e7\u00e3o determina que a rescis\u00e3o de contrato de trabalho deve ser acompanhada do pagamento de aviso pr\u00e9vio, multa do FGTS, al\u00e9m de outras verbas rescis\u00f3rias. Esses valores representam um \u00f4nus adicional para as empresas no momento de realizar demiss\u00f5es.<\/p><p>Diante desses desafios e preocupa\u00e7\u00f5es, \u00e9 importante buscar alternativas que possam conciliar a prote\u00e7\u00e3o dos direitos trabalhistas e a promo\u00e7\u00e3o do crescimento econ\u00f4mico. Medidas como a flexibiliza\u00e7\u00e3o de jornadas, a cria\u00e7\u00e3o de contratos de trabalho mais adapt\u00e1veis \u00e0s necessidades das empresas e a simplifica\u00e7\u00e3o dos custos de demiss\u00e3o podem ser consideradas.<\/p><p>Em suma, a CLT desempenha um papel crucial na regula\u00e7\u00e3o do trabalho em tempo integral, mas tamb\u00e9m apresenta desafios e preocupa\u00e7\u00f5es econ\u00f4micas. \u00c9 fundamental buscar um equil\u00edbrio entre a prote\u00e7\u00e3o dos direitos dos trabalhadores e a promo\u00e7\u00e3o de um ambiente de neg\u00f3cios favor\u00e1vel ao crescimento econ\u00f4mico.<\/p><h4>O equil\u00edbrio entre direitos trabalhistas e competitividade empresarial<\/h4><p>O equil\u00edbrio entre direitos trabalhistas e competitividade empresarial \u00e9 um tema importante quando se discute a regula\u00e7\u00e3o do trabalho em tempo integral pela <b>CLT<\/b>. A Consolida\u00e7\u00e3o das Leis do Trabalho (CLT) \u00e9 uma legisla\u00e7\u00e3o fundamental para garantir os direitos dos trabalhadores e estabelecer par\u00e2metros para as rela\u00e7\u00f5es trabalhistas no Brasil.<\/p><p>No entanto, muitas vezes h\u00e1 um debate sobre a rigidez das leis trabalhistas e seu impacto na competitividade das empresas. Alguns argumentam que as leis trabalhistas s\u00e3o muito r\u00edgidas e dificultam a cria\u00e7\u00e3o de empregos e o crescimento econ\u00f4mico. Por outro lado, h\u00e1 aqueles que defendem a necessidade de proteger os direitos dos trabalhadores e garantir condi\u00e7\u00f5es de trabalho adequadas.<\/p><p>\u00c9 preciso encontrar um equil\u00edbrio entre esses dois aspectos. Uma legisla\u00e7\u00e3o trabalhista que seja excessivamente r\u00edgida pode desestimular o empreendedorismo e a cria\u00e7\u00e3o de novos postos de trabalho, al\u00e9m de aumentar os custos para as empresas. Por outro lado, uma regulamenta\u00e7\u00e3o muito branda pode levar a abusos e explora\u00e7\u00e3o dos trabalhadores.<\/p><p>Uma forma de alcan\u00e7ar esse equil\u00edbrio \u00e9 por meio da flexibiliza\u00e7\u00e3o da legisla\u00e7\u00e3o trabalhista. Isso permite que as empresas possam se adaptar \u00e0s demandas do mercado e promover a competitividade, ao mesmo tempo em que se mant\u00e9m a prote\u00e7\u00e3o dos direitos dos trabalhadores. A flexibiliza\u00e7\u00e3o pode ocorrer por meio de acordos coletivos, onde empregadores e empregados negociam condi\u00e7\u00f5es de trabalho adequadas para ambas as partes.<\/p><p>Al\u00e9m disso, \u00e9 importante investir em pol\u00edticas de fiscaliza\u00e7\u00e3o e conscientiza\u00e7\u00e3o para garantir o cumprimento das leis trabalhistas. Dessa forma, evita-se a explora\u00e7\u00e3o dos trabalhadores e a concorr\u00eancia desleal entre as empresas.<\/p><p>Em resumo, o equil\u00edbrio entre direitos trabalhistas e competitividade empresarial \u00e9 essencial para garantir um mercado de trabalho saud\u00e1vel e justo. A flexibiliza\u00e7\u00e3o da legisla\u00e7\u00e3o trabalhista, combinada com a fiscaliza\u00e7\u00e3o efetiva, pode contribuir para um ambiente de trabalho mais equilibrado e favor\u00e1vel ao crescimento econ\u00f4mico.<\/p><h4>A influ\u00eancia da regula\u00e7\u00e3o do trabalho integral na produtividade das empresas<\/h4><p>A <b>regula\u00e7\u00e3o do trabalho em tempo integral<\/b> \u00e9 um tema que gera muita discuss\u00e3o e impacta diretamente a <b>produtividade das empresas<\/b>. A Consolida\u00e7\u00e3o das Leis do Trabalho (CLT), legisla\u00e7\u00e3o que regula as rela\u00e7\u00f5es trabalhistas no Brasil, estabelece uma <b>jornada de trabalho<\/b> de 44 horas semanais, sendo considerado <b>trabalho integral<\/b> aquele que ocupa todo esse per\u00edodo. No entanto, \u00e9 importante analisar como essa regula\u00e7\u00e3o afeta o desempenho das empresas e seus colaboradores.<\/p><p>Um dos principais pontos de debate \u00e9 se a jornada integral \u00e9 realmente eficiente e se contribui para um aumento na produtividade. Alguns defendem que a <b>presen\u00e7a constante dos funcion\u00e1rios<\/b> no local de trabalho \u00e9 essencial para o bom funcionamento das atividades, j\u00e1 que permite a supervis\u00e3o e a resolu\u00e7\u00e3o r\u00e1pida de problemas. Por outro lado, h\u00e1 pesquisas que apontam que jornadas excessivas podem levar \u00e0 fadiga e \u00e0 queda na qualidade do trabalho realizado.<\/p><p>Al\u00e9m disso, \u00e9 importante considerar a influ\u00eancia das <b>novas formas de trabalho flex\u00edveis<\/b>, como <b>home office<\/b> e <b>hor\u00e1rios flex\u00edveis<\/b>, na produtividade. Essas alternativas permitem que os colaboradores tenham mais autonomia e possam conciliar melhor suas responsabilidades pessoais e profissionais, o que pode resultar em um maior <b>engajamento e satisfa\u00e7\u00e3o no trabalho<\/b>.<\/p><p>\u00c9 fundamental tamb\u00e9m levar em conta as diferen\u00e7as entre os setores e as caracter\u00edsticas de cada empresa. Enquanto algumas atividades exigem a presen\u00e7a constante dos funcion\u00e1rios, como \u00e9 o caso de empresas que dependem da opera\u00e7\u00e3o cont\u00ednua, outras podem se beneficiar de hor\u00e1rios flex\u00edveis e do trabalho remoto.<\/p><p>Em conclus\u00e3o, a regula\u00e7\u00e3o do trabalho em tempo integral pode impactar diretamente a produtividade das empresas. No entanto, \u00e9 necess\u00e1rio um olhar atento para entender as necessidades de cada setor e empresa, levando em considera\u00e7\u00e3o as novas formas de trabalho flex\u00edveis. Dessa forma, \u00e9 poss\u00edvel encontrar um equil\u00edbrio entre a regula\u00e7\u00e3o e a busca pela efici\u00eancia e satisfa\u00e7\u00e3o dos colaboradores.<\/p><h3>O papel do trabalho em tempo integral no desenvolvimento econ\u00f4mico do pa\u00eds<\/h3><p>O <b>trabalho em tempo integral<\/b> desempenha um papel fundamental no <b>desenvolvimento econ\u00f4mico<\/b> de um pa\u00eds. Quando os trabalhadores se comprometem em dedicar a maior parte de seu tempo ao trabalho, isso resulta em maior <b>produtividade<\/b> e efici\u00eancia, o que impulsiona o <b>crescimento<\/b> econ\u00f4mico.<\/p><p>Uma das raz\u00f5es pelas quais o trabalho em tempo integral \u00e9 t\u00e3o importante \u00e9 porque ele permite que as empresas operem continuamente, sem interrup\u00e7\u00f5es. Isso garante que a produ\u00e7\u00e3o e os servi\u00e7os sejam fornecidos de forma consistente, atendendo \u00e0s demandas dos consumidores. Al\u00e9m disso, o trabalho em tempo integral tamb\u00e9m promove a <b>especializa\u00e7\u00e3o<\/b> e o aprimoramento das habilidades dos trabalhadores, j\u00e1 que eles t\u00eam mais tempo para se dedicar \u00e0s suas tarefas e aprender novas t\u00e9cnicas.<\/p><p>Al\u00e9m disso, o trabalho em tempo integral tamb\u00e9m contribui para o crescimento da economia, pois aumenta o <b>consumo<\/b>. Quando os trabalhadores t\u00eam jornadas de trabalho mais longas, eles t\u00eam uma renda maior, o que lhes permite consumir mais produtos e servi\u00e7os. Isso estimula a demanda, impulsionando a atividade econ\u00f4mica e favorecendo o crescimento de setores como com\u00e9rcio, ind\u00fastria e servi\u00e7os.<\/p><p>\u00c9 importante destacar que a Consolida\u00e7\u00e3o das Leis do Trabalho (<b>CLT<\/b>) no Brasil estabelece uma s\u00e9rie de direitos e deveres tanto para os trabalhadores quanto para os empregadores. Essa legisla\u00e7\u00e3o visa garantir uma jornada de trabalho justa e o respeito aos direitos trabalhistas, como f\u00e9rias, descanso semanal remunerado e horas extras. Ao regulamentar o trabalho em tempo integral, a CLT busca equilibrar a necessidade de produ\u00e7\u00e3o e a prote\u00e7\u00e3o dos direitos dos trabalhadores.<\/p><p>Em resumo, o trabalho em tempo integral desempenha um papel crucial no desenvolvimento econ\u00f4mico de um pa\u00eds. Al\u00e9m de garantir a continuidade das opera\u00e7\u00f5es das empresas, ele impulsiona a produtividade e o consumo, estimulando o crescimento econ\u00f4mico. A CLT, por sua vez, regula essa modalidade de trabalho, garantindo o respeito aos direitos dos trabalhadores.<\/p><h4>O aumento do poder de consumo e impacto no mercado com o trabalho em tempo integral<\/h4><p>O <b>trabalho em tempo integral<\/b> tem se tornado cada vez mais comum na atualidade. Com a evolu\u00e7\u00e3o da sociedade e das necessidades financeiras, muitas pessoas t\u00eam buscado jornadas de trabalho mais extensas para aumentar sua renda e melhorar seu padr\u00e3o de vida. Essa escolha n\u00e3o apenas impacta no cotidiano dos trabalhadores, mas tamb\u00e9m no mercado como um todo, influenciando o poder de consumo e o desenvolvimento econ\u00f4mico.<\/p><p>Uma das principais consequ\u00eancias do trabalho em tempo integral \u00e9 o <b>aumento do poder de consumo<\/b>. Com uma jornada mais extensa, os trabalhadores t\u00eam uma <b>renda maior<\/b>, o que possibilita a aquisi\u00e7\u00e3o de mais bens e servi\u00e7os. Isso impulsiona a economia, uma vez que o consumo \u00e9 um dos motores do <b>crescimento econ\u00f4mico<\/b>. Com mais dinheiro circulando, empresas de diversos setores se beneficiam, desde o com\u00e9rcio varejista at\u00e9 o setor de servi\u00e7os, impulsionando o crescimento e a gera\u00e7\u00e3o de empregos.<\/p><p>Al\u00e9m disso, o trabalho em tempo integral tamb\u00e9m tem impacto direto na oferta de empregos. Com mais pessoas trabalhando em jornadas completas, h\u00e1 uma demanda maior por contrata\u00e7\u00f5es, o que gera novas oportunidades de emprego. Esse aumento na oferta de vagas de trabalho contribui para a redu\u00e7\u00e3o do desemprego e para a melhoria da qualidade de vida da popula\u00e7\u00e3o.<\/p><p>No entanto, \u00e9 importante destacar que o trabalho em tempo integral tamb\u00e9m pode trazer desafios. Uma jornada mais longa pode resultar em estresse, cansa\u00e7o e falta de tempo para lazer e conv\u00edvio familiar. Portanto, \u00e9 necess\u00e1rio buscar um equil\u00edbrio entre o trabalho e a vida pessoal, garantindo momentos de descanso e lazer.<\/p><p>Em resumo, o aumento do poder de consumo e o <b>impacto no mercado<\/b> s\u00e3o resultados do trabalho em tempo integral. Com uma jornada mais extensa, os trabalhadores t\u00eam uma renda maior, o que impulsiona o consumo e contribui para o crescimento econ\u00f4mico. No entanto, \u00e9 importante buscar um equil\u00edbrio entre o trabalho e a vida pessoal, para evitar problemas como estresse e falta de tempo para atividades fora do \u00e2mbito profissional.<\/p><h4>Gera\u00e7\u00e3o de empregos e estabilidade econ\u00f4mica atrav\u00e9s do trabalho integral<\/h4><p>A <b>gera\u00e7\u00e3o de empregos<\/b> e a <b>estabilidade econ\u00f4mica<\/b> s\u00e3o fatores essenciais para o desenvolvimento de um pa\u00eds. Nesse contexto, a <b>regula\u00e7\u00e3o do trabalho em tempo integral<\/b> desempenha um papel fundamental. A <b>Consolida\u00e7\u00e3o das Leis do Trabalho (CLT)<\/b>, principal legisla\u00e7\u00e3o trabalhista do Brasil, estabelece diretrizes e normas para a <b>jornada de trabalho<\/b> e <b>benef\u00edcios dos trabalhadores<\/b>. <\/p><p>O trabalho em tempo integral, definido como aquele que ocupa uma carga hor\u00e1ria de 40 horas semanais, \u00e9 um modelo que contribui para a gera\u00e7\u00e3o de empregos. Empresas que adotam essa modalidade t\u00eam a possibilidade de ampliar a produ\u00e7\u00e3o e a oferta de servi\u00e7os, atendendo a uma demanda maior do mercado. Dessa forma, mais postos de trabalho s\u00e3o criados, impulsionando a economia e reduzindo o desemprego.<\/p><p>Al\u00e9m disso, o trabalho integral proporciona maior estabilidade econ\u00f4mica para os trabalhadores. Com uma jornada completa, eles t\u00eam a garantia de um sal\u00e1rio fixo, com todos os direitos e benef\u00edcios assegurados pela CLT. Isso inclui f\u00e9rias remuneradas, d\u00e9cimo terceiro sal\u00e1rio, horas extras e vale-transporte, entre outros. Essa estabilidade financeira impacta diretamente na <b>qualidade de vida<\/b> e no <b>bem-estar dos trabalhadores<\/b>, contribuindo para uma sociedade mais equilibrada.<\/p><p>\u00c9 importante ressaltar que, para que o trabalho integral seja realmente efetivo, \u00e9 necess\u00e1rio que as empresas ofere\u00e7am condi\u00e7\u00f5es adequadas de trabalho, como um ambiente seguro e saud\u00e1vel, al\u00e9m de remunera\u00e7\u00e3o justa. Al\u00e9m disso, \u00e9 fundamental que o Estado fiscalize o cumprimento das leis trabalhistas, garantindo que os direitos dos trabalhadores sejam respeitados.<\/p><p>Em resumo, o trabalho em tempo integral \u00e9 uma forma de promover a gera\u00e7\u00e3o de empregos e a estabilidade econ\u00f4mica. A CLT desempenha um papel importante na regula\u00e7\u00e3o desse modelo de trabalho, estabelecendo direitos e benef\u00edcios aos trabalhadores. Quando implementado de forma adequada, o trabalho integral contribui para o desenvolvimento econ\u00f4mico e social do pa\u00eds.<\/p><h4>O impacto da flexibiliza\u00e7\u00e3o das leis trabalhistas no trabalho em tempo integral<\/h4><p>A <b>flexibiliza\u00e7\u00e3o das leis trabalhistas<\/b> tem sido um tema bastante discutido nos \u00faltimos anos, principalmente em rela\u00e7\u00e3o ao <b>trabalho em tempo integral<\/b>. A Consolida\u00e7\u00e3o das Leis do Trabalho (<b>CLT<\/b>) \u00e9 um conjunto de normas que regulamenta as rela\u00e7\u00f5es de trabalho no Brasil, e qualquer altera\u00e7\u00e3o nessa legisla\u00e7\u00e3o pode ter um impacto significativo na vida dos trabalhadores.<\/p><p>A flexibiliza\u00e7\u00e3o das leis trabalhistas, quando bem utilizada, pode trazer benef\u00edcios tanto para os empregadores quanto para os empregados. Uma das principais mudan\u00e7as nesse sentido \u00e9 a possibilidade de ado\u00e7\u00e3o de <b>jornadas flex\u00edveis<\/b>, em que o trabalhador pode ajustar seus hor\u00e1rios de acordo com suas necessidades e prioridades. Isso possibilita uma melhor concilia\u00e7\u00e3o entre vida pessoal e profissional, proporcionando mais <b>qualidade de vida<\/b>.<\/p><p>No entanto, \u00e9 importante ressaltar que a flexibiliza\u00e7\u00e3o das leis trabalhistas tamb\u00e9m pode ter aspectos negativos. Em alguns casos, pode levar \u00e0 <b>explora\u00e7\u00e3o dos trabalhadores<\/b>, com jornadas de trabalho excessivas e sem pagamento de horas extras. Al\u00e9m disso, a falta de garantias e <b>direitos trabalhistas<\/b> pode expor os empregados a situa\u00e7\u00f5es de <b>vulnerabilidade<\/b>, como sal\u00e1rios baixos e falta de seguran\u00e7a no emprego.<\/p><p>\u00c9 fundamental que as altera\u00e7\u00f5es na CLT sejam realizadas de forma respons\u00e1vel e equilibrada, levando em considera\u00e7\u00e3o tanto os interesses dos empregadores quanto dos trabalhadores. \u00c9 necess\u00e1rio que haja um di\u00e1logo e uma <b>negocia\u00e7\u00e3o justa<\/b> entre as partes envolvidas, garantindo que os direitos dos trabalhadores sejam preservados e que n\u00e3o haja <b>precariza\u00e7\u00e3o das rela\u00e7\u00f5es de trabalho.<\/b><\/p><p>Para concluir, o impacto da flexibiliza\u00e7\u00e3o das leis trabalhistas no trabalho em tempo integral pode ser tanto positivo quanto negativo, dependendo da forma como essas mudan\u00e7as s\u00e3o implementadas. \u00c9 fundamental buscar um equil\u00edbrio entre a necessidade de flexibilidade das empresas e a prote\u00e7\u00e3o dos direitos dos trabalhadores.<\/p>\t\t\t\t<\/div>\n\t\t\t\t<\/div>\n\t\t\t\t\t<\/div>\n\t\t\t\t<\/div>\n\t\t\t\t<\/div>\n\t\t","protected":false},"excerpt":{"rendered":"<p>A CLT estabelece diretrizes para a regula\u00e7\u00e3o do trabalho em tempo integral. Conhe\u00e7a as normas e direitos do trabalhador, bem como as responsabilidades das empresas. Saiba mais sobre essa importante regulamenta\u00e7\u00e3o.<\/p>\n","protected":false},"author":1,"featured_media":0,"comment_status":"open","ping_status":"open","sticky":false,"template":"","format":"standard","meta":{"footnotes":""},"categories":[464],"tags":[42,2225],"class_list":["post-10537","post","type-post","status-publish","format-standard","hentry","category-clt-beneficios","tag-clt","tag-regulacao-do-trabalho"],"yoast_head":"<!-- This site is optimized with the Yoast SEO plugin v26.3 - https:\/\/yoast.com\/wordpress\/plugins\/seo\/ -->\n<title>Regula\u00e7\u00e3o do Trabalho em Tempo Integral: Conhe\u00e7a as Diretrizes da CLT<\/title>\n<meta name=\"description\" content=\"Saiba como a CLT regula o trabalho em tempo integral e as diretrizes que devem ser seguidas. Descubra seus direitos e responsabilidades.\" \/>\n<meta name=\"robots\" content=\"index, follow, max-snippet:-1, max-image-preview:large, max-video-preview:-1\" \/>\n<link rel=\"canonical\" href=\"https:\/\/compareplanodesaude.com.br\/empresarial\/clt-beneficios\/regulacao-trabalho-tempo-integral-clt\/\" \/>\n<meta property=\"og:locale\" content=\"pt_BR\" \/>\n<meta property=\"og:type\" content=\"article\" \/>\n<meta property=\"og:title\" content=\"Regula\u00e7\u00e3o do Trabalho em Tempo Integral: Conhe\u00e7a as Diretrizes da CLT\" \/>\n<meta property=\"og:description\" content=\"Saiba como a CLT regula o trabalho em tempo integral e as diretrizes que devem ser seguidas. Descubra seus direitos e responsabilidades.\" \/>\n<meta property=\"og:url\" content=\"https:\/\/compareplanodesaude.com.br\/empresarial\/clt-beneficios\/regulacao-trabalho-tempo-integral-clt\/\" \/>\n<meta property=\"og:site_name\" content=\"Tudo sobre Gest\u00e3o Empresarial\" \/>\n<meta property=\"article:published_time\" content=\"2023-07-31T13:51:00+00:00\" \/>\n<meta property=\"article:modified_time\" content=\"2023-07-31T13:51:56+00:00\" \/>\n<meta property=\"og:image\" content=\"https:\/\/compareplanodesaude.com.br\/wp-content\/uploads\/imagens\/historia-consolidacao-leis-trabalho-clt.jpeg.jpg\" \/>\n<meta name=\"author\" content=\"Equipe Compare Seguros Reda\u00e7\u00e3o e Conte\u00fado\" \/>\n<meta name=\"twitter:card\" content=\"summary_large_image\" \/>\n<meta name=\"twitter:label1\" content=\"Escrito por\" \/>\n\t<meta name=\"twitter:data1\" content=\"Equipe Compare Seguros Reda\u00e7\u00e3o e Conte\u00fado\" \/>\n\t<meta name=\"twitter:label2\" content=\"Est. tempo de leitura\" \/>\n\t<meta name=\"twitter:data2\" content=\"71 minutos\" \/>\n<script type=\"application\/ld+json\" class=\"yoast-schema-graph\">{\"@context\":\"https:\/\/schema.org\",\"@graph\":[{\"@type\":\"Article\",\"@id\":\"https:\/\/compareplanodesaude.com.br\/empresarial\/clt-beneficios\/regulacao-trabalho-tempo-integral-clt\/#article\",\"isPartOf\":{\"@id\":\"https:\/\/compareplanodesaude.com.br\/empresarial\/clt-beneficios\/regulacao-trabalho-tempo-integral-clt\/\"},\"author\":{\"name\":\"Equipe Compare Seguros Reda\u00e7\u00e3o e Conte\u00fado\",\"@id\":\"https:\/\/compareplanodesaude.com.br\/empresarial\/#\/schema\/person\/cd80c1aca0992f7f9405483dbd25a918\"},\"headline\":\"CLT: Regula\u00e7\u00e3o do Trabalho em Tempo Integral\",\"datePublished\":\"2023-07-31T13:51:00+00:00\",\"dateModified\":\"2023-07-31T13:51:56+00:00\",\"mainEntityOfPage\":{\"@id\":\"https:\/\/compareplanodesaude.com.br\/empresarial\/clt-beneficios\/regulacao-trabalho-tempo-integral-clt\/\"},\"wordCount\":13788,\"commentCount\":0,\"publisher\":{\"@id\":\"https:\/\/compareplanodesaude.com.br\/empresarial\/#organization\"},\"image\":{\"@id\":\"https:\/\/compareplanodesaude.com.br\/empresarial\/clt-beneficios\/regulacao-trabalho-tempo-integral-clt\/#primaryimage\"},\"thumbnailUrl\":\"https:\/\/compareplanodesaude.com.br\/wp-content\/uploads\/imagens\/historia-consolidacao-leis-trabalho-clt.jpeg.jpg\",\"keywords\":[\"clt\",\"regula\u00e7\u00e3o do trabalho\"],\"articleSection\":[\"CLT Benef\u00edcios\"],\"inLanguage\":\"pt-BR\",\"potentialAction\":[{\"@type\":\"CommentAction\",\"name\":\"Comment\",\"target\":[\"https:\/\/compareplanodesaude.com.br\/empresarial\/clt-beneficios\/regulacao-trabalho-tempo-integral-clt\/#respond\"]}]},{\"@type\":\"WebPage\",\"@id\":\"https:\/\/compareplanodesaude.com.br\/empresarial\/clt-beneficios\/regulacao-trabalho-tempo-integral-clt\/\",\"url\":\"https:\/\/compareplanodesaude.com.br\/empresarial\/clt-beneficios\/regulacao-trabalho-tempo-integral-clt\/\",\"name\":\"Regula\u00e7\u00e3o do Trabalho em Tempo Integral: Conhe\u00e7a as Diretrizes da CLT\",\"isPartOf\":{\"@id\":\"https:\/\/compareplanodesaude.com.br\/empresarial\/#website\"},\"primaryImageOfPage\":{\"@id\":\"https:\/\/compareplanodesaude.com.br\/empresarial\/clt-beneficios\/regulacao-trabalho-tempo-integral-clt\/#primaryimage\"},\"image\":{\"@id\":\"https:\/\/compareplanodesaude.com.br\/empresarial\/clt-beneficios\/regulacao-trabalho-tempo-integral-clt\/#primaryimage\"},\"thumbnailUrl\":\"https:\/\/compareplanodesaude.com.br\/wp-content\/uploads\/imagens\/historia-consolidacao-leis-trabalho-clt.jpeg.jpg\",\"datePublished\":\"2023-07-31T13:51:00+00:00\",\"dateModified\":\"2023-07-31T13:51:56+00:00\",\"description\":\"Saiba como a CLT regula o trabalho em tempo integral e as diretrizes que devem ser seguidas. Descubra seus direitos e responsabilidades.\",\"breadcrumb\":{\"@id\":\"https:\/\/compareplanodesaude.com.br\/empresarial\/clt-beneficios\/regulacao-trabalho-tempo-integral-clt\/#breadcrumb\"},\"inLanguage\":\"pt-BR\",\"potentialAction\":[{\"@type\":\"ReadAction\",\"target\":[\"https:\/\/compareplanodesaude.com.br\/empresarial\/clt-beneficios\/regulacao-trabalho-tempo-integral-clt\/\"]}]},{\"@type\":\"ImageObject\",\"inLanguage\":\"pt-BR\",\"@id\":\"https:\/\/compareplanodesaude.com.br\/empresarial\/clt-beneficios\/regulacao-trabalho-tempo-integral-clt\/#primaryimage\",\"url\":\"https:\/\/compareplanodesaude.com.br\/wp-content\/uploads\/imagens\/historia-consolidacao-leis-trabalho-clt.jpeg.jpg\",\"contentUrl\":\"https:\/\/compareplanodesaude.com.br\/wp-content\/uploads\/imagens\/historia-consolidacao-leis-trabalho-clt.jpeg.jpg\"},{\"@type\":\"BreadcrumbList\",\"@id\":\"https:\/\/compareplanodesaude.com.br\/empresarial\/clt-beneficios\/regulacao-trabalho-tempo-integral-clt\/#breadcrumb\",\"itemListElement\":[{\"@type\":\"ListItem\",\"position\":1,\"name\":\"In\u00edcio\",\"item\":\"https:\/\/compareplanodesaude.com.br\/empresarial\/\"},{\"@type\":\"ListItem\",\"position\":2,\"name\":\"CLT: Regula\u00e7\u00e3o do Trabalho em Tempo Integral\"}]},{\"@type\":\"WebSite\",\"@id\":\"https:\/\/compareplanodesaude.com.br\/empresarial\/#website\",\"url\":\"https:\/\/compareplanodesaude.com.br\/empresarial\/\",\"name\":\"Tudo sobre Gest\u00e3o Empresarial\",\"description\":\"\",\"publisher\":{\"@id\":\"https:\/\/compareplanodesaude.com.br\/empresarial\/#organization\"},\"potentialAction\":[{\"@type\":\"SearchAction\",\"target\":{\"@type\":\"EntryPoint\",\"urlTemplate\":\"https:\/\/compareplanodesaude.com.br\/empresarial\/?s={search_term_string}\"},\"query-input\":{\"@type\":\"PropertyValueSpecification\",\"valueRequired\":true,\"valueName\":\"search_term_string\"}}],\"inLanguage\":\"pt-BR\"},{\"@type\":\"Organization\",\"@id\":\"https:\/\/compareplanodesaude.com.br\/empresarial\/#organization\",\"name\":\"Tudo sobre Gest\u00e3o Empresarial\",\"url\":\"https:\/\/compareplanodesaude.com.br\/empresarial\/\",\"logo\":{\"@type\":\"ImageObject\",\"inLanguage\":\"pt-BR\",\"@id\":\"https:\/\/compareplanodesaude.com.br\/empresarial\/#\/schema\/logo\/image\/\",\"url\":\"https:\/\/compareplanodesaude.com.br\/empresarial\/wp-content\/uploads\/sites\/74\/2023\/05\/logo-compare-13.png\",\"contentUrl\":\"https:\/\/compareplanodesaude.com.br\/empresarial\/wp-content\/uploads\/sites\/74\/2023\/05\/logo-compare-13.png\",\"width\":512,\"height\":512,\"caption\":\"Tudo sobre Gest\u00e3o Empresarial\"},\"image\":{\"@id\":\"https:\/\/compareplanodesaude.com.br\/empresarial\/#\/schema\/logo\/image\/\"}},{\"@type\":\"Person\",\"@id\":\"https:\/\/compareplanodesaude.com.br\/empresarial\/#\/schema\/person\/cd80c1aca0992f7f9405483dbd25a918\",\"name\":\"Equipe Compare Seguros Reda\u00e7\u00e3o e Conte\u00fado\",\"image\":{\"@type\":\"ImageObject\",\"inLanguage\":\"pt-BR\",\"@id\":\"https:\/\/compareplanodesaude.com.br\/empresarial\/#\/schema\/person\/image\/\",\"url\":\"https:\/\/compareplanodesaude.com.br\/empresarial\/wp-content\/litespeed\/avatar\/74\/44e029c016c0dd3c6cf923b46e6b0b25.jpg?ver=1777187043\",\"contentUrl\":\"https:\/\/compareplanodesaude.com.br\/empresarial\/wp-content\/litespeed\/avatar\/74\/44e029c016c0dd3c6cf923b46e6b0b25.jpg?ver=1777187043\",\"caption\":\"Equipe Compare Seguros Reda\u00e7\u00e3o e Conte\u00fado\"},\"description\":\"Com mais de 7 anos de experi\u00eancia no mercado de seguros, sendo uma das pioneiras em venda de seguros 100% online e com parceria s\u00f3lida e estreita com as melhores seguradoras do Brasil, garantimos as melhores condi\u00e7\u00f5es do mercado. Corretora registrada na Superintend\u00eancia de Seguros Privados (Susep). Garantimos atendimento personalizado e com uma s\u00e9rie de benef\u00edcios gratuitos.\",\"url\":\"https:\/\/compareplanodesaude.com.br\/empresarial\/author\/report\/\"}]}<\/script>\n<!-- \/ Yoast SEO plugin. -->","yoast_head_json":{"title":"Regula\u00e7\u00e3o do Trabalho em Tempo Integral: Conhe\u00e7a as Diretrizes da CLT","description":"Saiba como a CLT regula o trabalho em tempo integral e as diretrizes que devem ser seguidas. Descubra seus direitos e responsabilidades.","robots":{"index":"index","follow":"follow","max-snippet":"max-snippet:-1","max-image-preview":"max-image-preview:large","max-video-preview":"max-video-preview:-1"},"canonical":"https:\/\/compareplanodesaude.com.br\/empresarial\/clt-beneficios\/regulacao-trabalho-tempo-integral-clt\/","og_locale":"pt_BR","og_type":"article","og_title":"Regula\u00e7\u00e3o do Trabalho em Tempo Integral: Conhe\u00e7a as Diretrizes da CLT","og_description":"Saiba como a CLT regula o trabalho em tempo integral e as diretrizes que devem ser seguidas. Descubra seus direitos e responsabilidades.","og_url":"https:\/\/compareplanodesaude.com.br\/empresarial\/clt-beneficios\/regulacao-trabalho-tempo-integral-clt\/","og_site_name":"Tudo sobre Gest\u00e3o Empresarial","article_published_time":"2023-07-31T13:51:00+00:00","article_modified_time":"2023-07-31T13:51:56+00:00","og_image":[{"url":"https:\/\/compareplanodesaude.com.br\/wp-content\/uploads\/imagens\/historia-consolidacao-leis-trabalho-clt.jpeg.jpg","type":"","width":"","height":""}],"author":"Equipe Compare Seguros Reda\u00e7\u00e3o e Conte\u00fado","twitter_card":"summary_large_image","twitter_misc":{"Escrito por":"Equipe Compare Seguros Reda\u00e7\u00e3o e Conte\u00fado","Est. tempo de leitura":"71 minutos"},"schema":{"@context":"https:\/\/schema.org","@graph":[{"@type":"Article","@id":"https:\/\/compareplanodesaude.com.br\/empresarial\/clt-beneficios\/regulacao-trabalho-tempo-integral-clt\/#article","isPartOf":{"@id":"https:\/\/compareplanodesaude.com.br\/empresarial\/clt-beneficios\/regulacao-trabalho-tempo-integral-clt\/"},"author":{"name":"Equipe Compare Seguros Reda\u00e7\u00e3o e Conte\u00fado","@id":"https:\/\/compareplanodesaude.com.br\/empresarial\/#\/schema\/person\/cd80c1aca0992f7f9405483dbd25a918"},"headline":"CLT: Regula\u00e7\u00e3o do Trabalho em Tempo Integral","datePublished":"2023-07-31T13:51:00+00:00","dateModified":"2023-07-31T13:51:56+00:00","mainEntityOfPage":{"@id":"https:\/\/compareplanodesaude.com.br\/empresarial\/clt-beneficios\/regulacao-trabalho-tempo-integral-clt\/"},"wordCount":13788,"commentCount":0,"publisher":{"@id":"https:\/\/compareplanodesaude.com.br\/empresarial\/#organization"},"image":{"@id":"https:\/\/compareplanodesaude.com.br\/empresarial\/clt-beneficios\/regulacao-trabalho-tempo-integral-clt\/#primaryimage"},"thumbnailUrl":"https:\/\/compareplanodesaude.com.br\/wp-content\/uploads\/imagens\/historia-consolidacao-leis-trabalho-clt.jpeg.jpg","keywords":["clt","regula\u00e7\u00e3o do trabalho"],"articleSection":["CLT Benef\u00edcios"],"inLanguage":"pt-BR","potentialAction":[{"@type":"CommentAction","name":"Comment","target":["https:\/\/compareplanodesaude.com.br\/empresarial\/clt-beneficios\/regulacao-trabalho-tempo-integral-clt\/#respond"]}]},{"@type":"WebPage","@id":"https:\/\/compareplanodesaude.com.br\/empresarial\/clt-beneficios\/regulacao-trabalho-tempo-integral-clt\/","url":"https:\/\/compareplanodesaude.com.br\/empresarial\/clt-beneficios\/regulacao-trabalho-tempo-integral-clt\/","name":"Regula\u00e7\u00e3o do Trabalho em Tempo Integral: Conhe\u00e7a as Diretrizes da CLT","isPartOf":{"@id":"https:\/\/compareplanodesaude.com.br\/empresarial\/#website"},"primaryImageOfPage":{"@id":"https:\/\/compareplanodesaude.com.br\/empresarial\/clt-beneficios\/regulacao-trabalho-tempo-integral-clt\/#primaryimage"},"image":{"@id":"https:\/\/compareplanodesaude.com.br\/empresarial\/clt-beneficios\/regulacao-trabalho-tempo-integral-clt\/#primaryimage"},"thumbnailUrl":"https:\/\/compareplanodesaude.com.br\/wp-content\/uploads\/imagens\/historia-consolidacao-leis-trabalho-clt.jpeg.jpg","datePublished":"2023-07-31T13:51:00+00:00","dateModified":"2023-07-31T13:51:56+00:00","description":"Saiba como a CLT regula o trabalho em tempo integral e as diretrizes que devem ser seguidas. Descubra seus direitos e responsabilidades.","breadcrumb":{"@id":"https:\/\/compareplanodesaude.com.br\/empresarial\/clt-beneficios\/regulacao-trabalho-tempo-integral-clt\/#breadcrumb"},"inLanguage":"pt-BR","potentialAction":[{"@type":"ReadAction","target":["https:\/\/compareplanodesaude.com.br\/empresarial\/clt-beneficios\/regulacao-trabalho-tempo-integral-clt\/"]}]},{"@type":"ImageObject","inLanguage":"pt-BR","@id":"https:\/\/compareplanodesaude.com.br\/empresarial\/clt-beneficios\/regulacao-trabalho-tempo-integral-clt\/#primaryimage","url":"https:\/\/compareplanodesaude.com.br\/wp-content\/uploads\/imagens\/historia-consolidacao-leis-trabalho-clt.jpeg.jpg","contentUrl":"https:\/\/compareplanodesaude.com.br\/wp-content\/uploads\/imagens\/historia-consolidacao-leis-trabalho-clt.jpeg.jpg"},{"@type":"BreadcrumbList","@id":"https:\/\/compareplanodesaude.com.br\/empresarial\/clt-beneficios\/regulacao-trabalho-tempo-integral-clt\/#breadcrumb","itemListElement":[{"@type":"ListItem","position":1,"name":"In\u00edcio","item":"https:\/\/compareplanodesaude.com.br\/empresarial\/"},{"@type":"ListItem","position":2,"name":"CLT: Regula\u00e7\u00e3o do Trabalho em Tempo Integral"}]},{"@type":"WebSite","@id":"https:\/\/compareplanodesaude.com.br\/empresarial\/#website","url":"https:\/\/compareplanodesaude.com.br\/empresarial\/","name":"Tudo sobre Gest\u00e3o Empresarial","description":"","publisher":{"@id":"https:\/\/compareplanodesaude.com.br\/empresarial\/#organization"},"potentialAction":[{"@type":"SearchAction","target":{"@type":"EntryPoint","urlTemplate":"https:\/\/compareplanodesaude.com.br\/empresarial\/?s={search_term_string}"},"query-input":{"@type":"PropertyValueSpecification","valueRequired":true,"valueName":"search_term_string"}}],"inLanguage":"pt-BR"},{"@type":"Organization","@id":"https:\/\/compareplanodesaude.com.br\/empresarial\/#organization","name":"Tudo sobre Gest\u00e3o Empresarial","url":"https:\/\/compareplanodesaude.com.br\/empresarial\/","logo":{"@type":"ImageObject","inLanguage":"pt-BR","@id":"https:\/\/compareplanodesaude.com.br\/empresarial\/#\/schema\/logo\/image\/","url":"https:\/\/compareplanodesaude.com.br\/empresarial\/wp-content\/uploads\/sites\/74\/2023\/05\/logo-compare-13.png","contentUrl":"https:\/\/compareplanodesaude.com.br\/empresarial\/wp-content\/uploads\/sites\/74\/2023\/05\/logo-compare-13.png","width":512,"height":512,"caption":"Tudo sobre Gest\u00e3o Empresarial"},"image":{"@id":"https:\/\/compareplanodesaude.com.br\/empresarial\/#\/schema\/logo\/image\/"}},{"@type":"Person","@id":"https:\/\/compareplanodesaude.com.br\/empresarial\/#\/schema\/person\/cd80c1aca0992f7f9405483dbd25a918","name":"Equipe Compare Seguros Reda\u00e7\u00e3o e Conte\u00fado","image":{"@type":"ImageObject","inLanguage":"pt-BR","@id":"https:\/\/compareplanodesaude.com.br\/empresarial\/#\/schema\/person\/image\/","url":"https:\/\/compareplanodesaude.com.br\/empresarial\/wp-content\/litespeed\/avatar\/74\/44e029c016c0dd3c6cf923b46e6b0b25.jpg?ver=1777187043","contentUrl":"https:\/\/compareplanodesaude.com.br\/empresarial\/wp-content\/litespeed\/avatar\/74\/44e029c016c0dd3c6cf923b46e6b0b25.jpg?ver=1777187043","caption":"Equipe Compare Seguros Reda\u00e7\u00e3o e Conte\u00fado"},"description":"Com mais de 7 anos de experi\u00eancia no mercado de seguros, sendo uma das pioneiras em venda de seguros 100% online e com parceria s\u00f3lida e estreita com as melhores seguradoras do Brasil, garantimos as melhores condi\u00e7\u00f5es do mercado. Corretora registrada na Superintend\u00eancia de Seguros Privados (Susep). Garantimos atendimento personalizado e com uma s\u00e9rie de benef\u00edcios gratuitos.","url":"https:\/\/compareplanodesaude.com.br\/empresarial\/author\/report\/"}]}},"_links":{"self":[{"href":"https:\/\/compareplanodesaude.com.br\/empresarial\/wp-json\/wp\/v2\/posts\/10537","targetHints":{"allow":["GET"]}}],"collection":[{"href":"https:\/\/compareplanodesaude.com.br\/empresarial\/wp-json\/wp\/v2\/posts"}],"about":[{"href":"https:\/\/compareplanodesaude.com.br\/empresarial\/wp-json\/wp\/v2\/types\/post"}],"author":[{"embeddable":true,"href":"https:\/\/compareplanodesaude.com.br\/empresarial\/wp-json\/wp\/v2\/users\/1"}],"replies":[{"embeddable":true,"href":"https:\/\/compareplanodesaude.com.br\/empresarial\/wp-json\/wp\/v2\/comments?post=10537"}],"version-history":[{"count":4,"href":"https:\/\/compareplanodesaude.com.br\/empresarial\/wp-json\/wp\/v2\/posts\/10537\/revisions"}],"predecessor-version":[{"id":10541,"href":"https:\/\/compareplanodesaude.com.br\/empresarial\/wp-json\/wp\/v2\/posts\/10537\/revisions\/10541"}],"wp:attachment":[{"href":"https:\/\/compareplanodesaude.com.br\/empresarial\/wp-json\/wp\/v2\/media?parent=10537"}],"wp:term":[{"taxonomy":"category","embeddable":true,"href":"https:\/\/compareplanodesaude.com.br\/empresarial\/wp-json\/wp\/v2\/categories?post=10537"},{"taxonomy":"post_tag","embeddable":true,"href":"https:\/\/compareplanodesaude.com.br\/empresarial\/wp-json\/wp\/v2\/tags?post=10537"}],"curies":[{"name":"wp","href":"https:\/\/api.w.org\/{rel}","templated":true}]}}